{"id":178,"date":"2021-07-23T10:10:32","date_gmt":"2021-07-23T08:10:32","guid":{"rendered":"https:\/\/ladunedupilat.com\/?p=178"},"modified":"2021-10-12T12:52:52","modified_gmt":"2021-10-12T10:52:52","slug":"prueba6-2-2","status":"publish","type":"post","link":"https:\/\/ladunedupilat.com\/es\/port-du-masque-obligatoire\/","title":{"rendered":"Mobibarval: tu gu\u00eda de movilidad en la Cuenca"},"content":{"rendered":"<section class=\"wp-block-uagb-columns uagb-columns__wrap uagb-columns__background-undefined uagb-columns__stack-mobile uagb-columns__valign-undefined uagb-columns__gap-30 alignundefined uagb-block-b35e28f0\"><div class=\"uagb-columns__overlay\"><\/div><div class=\"uagb-columns__inner-wrap uagb-columns__columns-2\">\n<div class=\"wp-block-uagb-column uagb-column__wrap uagb-column__background-undefined uagb-block-1e11413e\"><div class=\"uagb-column__overlay\"><\/div><div class=\"uagb-column__inner-wrap\">\n<p>Descubra el nuevo sistema de informaci\u00f3n sobre la oferta de movilidad del Pays du Bassin d&#039;Arcachon-Val de l&#039;Eyre: MOBI.&nbsp;<\/p>\n\n\n\n<p>Esta nueva herramienta le permite moverse m\u00e1s f\u00e1cilmente de norte a sur de la cuenca de Arcachon y en Val de l&#039;Eyre.&nbsp;<\/p>\n\n\n\n<p><strong>En bicicleta, autob\u00fas, coche compartido, tren, MOBI le gu\u00eda a trav\u00e9s de sus viajes diarios o una escapada entre la tierra y el mar. <\/strong>Suficiente para ahorrar tiempo y encaminarlo hacia la sencillez, la comodidad y la convivencia.&nbsp;<\/p>\n\n\n\n<p>Con MOBI, encuentre toda la informaci\u00f3n de movilidad actualizada, con contactos y enlaces \u00fatiles para encontrar el horario adecuado, el mejor precio y orientarse f\u00e1cilmente en las distintas redes de transporte.&nbsp;<\/p>\n\n\n\n<p>Reuni\u00f3n en <a href=\"http:\/\/www.mobibarval.fr\" rel=\"nofollow noopener\" target=\"_blank\">www.mobibarval.fr<\/a><\/p>\n\n\n\n<p>O en la recepci\u00f3n de nuestro Punto de Informaci\u00f3n para solicitar su <strong>Plan MOBI<\/strong> en formato de bolsillo.<\/p>\n<\/div><\/div>\n\n\n\n<div class=\"wp-block-uagb-column uagb-column__wrap uagb-column__background-undefined uagb-block-2c2047d8 bloc-2D\"><div class=\"uagb-column__overlay\"><\/div><div class=\"uagb-column__inner-wrap\">\n<figure class=\"wp-block-image size-large moveRight\"><img loading=\"lazy\" decoding=\"async\" width=\"1024\" height=\"683\" src=\"https:\/\/ladunedupilat.com\/wp-content\/uploads\/2021\/04\/Mobibarval-_-su-guia-de-mobilit\u00e9-sur-le-bassin-photo.jpg\" alt=\"-\" class=\"wp-image-2878\" srcset=\"\" sizes=\"auto, (max-width: 1024px) 100vw, 1024px\" data-srcset=\"\" \/><\/figure>\n<\/div><\/div>\n<\/div><\/section>","protected":false},"excerpt":{"rendered":"<p>Descubra el nuevo sistema de informaci\u00f3n sobre la oferta de movilidad del Pays du Bassin d&#039;Arcachon-Val de l&#039;Eyre: MOBI. <\/p>","protected":false},"author":8,"featured_media":2878,"comment_status":"closed","ping_status":"open","sticky":false,"template":"","format":"standard","meta":{"_acf_changed":false,"_uag_custom_page_level_css":"","footnotes":""},"categories":[1,29],"tags":[],"class_list":["post-178","post","type-post","status-publish","format-standard","has-post-thumbnail","hentry","category-actualites","category-mobilite","tw-post-has-image-16-9","tw-meta-no-icon"],"acf":[],"uagb_featured_image_src":{"full":["https:\/\/ladunedupilat.com\/wp-content\/uploads\/2021\/04\/Mobibarval-_-votre-guide-mobilite\u0301-sur-le-bassin-photo.jpg",1024,683,false],"thumbnail":["https:\/\/ladunedupilat.com\/wp-content\/uploads\/2021\/04\/Mobibarval-_-votre-guide-mobilite\u0301-sur-le-bassin-photo-150x150.jpg",150,150,true],"medium":["https:\/\/ladunedupilat.com\/wp-content\/uploads\/2021\/04\/Mobibarval-_-votre-guide-mobilite\u0301-sur-le-bassin-photo-300x200.jpg",300,200,true],"medium_large":["https:\/\/ladunedupilat.com\/wp-content\/uploads\/2021\/04\/Mobibarval-_-votre-guide-mobilite\u0301-sur-le-bassin-photo-768x512.jpg",580,387,true],"large":["https:\/\/ladunedupilat.com\/wp-content\/uploads\/2021\/04\/Mobibarval-_-votre-guide-mobilite\u0301-sur-le-bassin-photo.jpg",580,387,false],"1536x1536":["https:\/\/ladunedupilat.com\/wp-content\/uploads\/2021\/04\/Mobibarval-_-votre-guide-mobilite\u0301-sur-le-bassin-photo.jpg",1024,683,false],"2048x2048":["https:\/\/ladunedupilat.com\/wp-content\/uploads\/2021\/04\/Mobibarval-_-votre-guide-mobilite\u0301-sur-le-bassin-photo.jpg",1024,683,false],"trp-custom-language-flag":["https:\/\/ladunedupilat.com\/wp-content\/uploads\/2021\/04\/Mobibarval-_-votre-guide-mobilite\u0301-sur-le-bassin-photo-16x12.jpg",16,12,true],"post-thumbnail":["https:\/\/ladunedupilat.com\/wp-content\/uploads\/2021\/04\/Mobibarval-_-votre-guide-mobilite\u0301-sur-le-bassin-photo.jpg",1024,683,false],"twentytwenty-fullscreen":["https:\/\/ladunedupilat.com\/wp-content\/uploads\/2021\/04\/Mobibarval-_-votre-guide-mobilite\u0301-sur-le-bassin-photo.jpg",1024,683,false]},"uagb_author_info":{"display_name":"communication@ladunedupilat.com","author_link":"https:\/\/ladunedupilat.com\/es\/author\/communicationladunedupilat-com\/"},"uagb_comment_info":0,"uagb_excerpt":"D\u00e9couvrez le nouveau dispositif d\u2019information sur l\u2019offre de mobilit\u00e9 du Pays du Bassin d\u2019Arcachon-Val de l\u2019Eyre : MOBI.","_links":{"self":[{"href":"https:\/\/ladunedupilat.com\/es\/wp-json\/wp\/v2\/posts\/178","targetHints":{"allow":["GET"]}}],"collection":[{"href":"https:\/\/ladunedupilat.com\/es\/wp-json\/wp\/v2\/posts"}],"about":[{"href":"https:\/\/ladunedupilat.com\/es\/wp-json\/wp\/v2\/types\/post"}],"author":[{"embeddable":true,"href":"https:\/\/ladunedupilat.com\/es\/wp-json\/wp\/v2\/users\/8"}],"replies":[{"embeddable":true,"href":"https:\/\/ladunedupilat.com\/es\/wp-json\/wp\/v2\/comments?post=178"}],"version-history":[{"count":0,"href":"https:\/\/ladunedupilat.com\/es\/wp-json\/wp\/v2\/posts\/178\/revisions"}],"wp:featuredmedia":[{"embeddable":true,"href":"https:\/\/ladunedupilat.com\/es\/wp-json\/wp\/v2\/media\/2878"}],"wp:attachment":[{"href":"https:\/\/ladunedupilat.com\/es\/wp-json\/wp\/v2\/media?parent=178"}],"wp:term":[{"taxonomy":"category","embeddable":true,"href":"https:\/\/ladunedupilat.com\/es\/wp-json\/wp\/v2\/categories?post=178"},{"taxonomy":"post_tag","embeddable":true,"href":"https:\/\/ladunedupilat.com\/es\/wp-json\/wp\/v2\/tags?post=178"}],"curies":[{"name":"gracias","href":"https:\/\/api.w.org\/{rel}","templated":true}]}}