{"id":23056,"date":"2023-02-17T15:44:16","date_gmt":"2023-02-17T14:44:16","guid":{"rendered":"https:\/\/ladunedupilat.com\/?p=23056"},"modified":"2025-08-01T15:47:59","modified_gmt":"2025-08-01T13:47:59","slug":"llegada-del-nuevo-prefecto-de-gironda-2","status":"publish","type":"post","link":"https:\/\/ladunedupilat.com\/es\/venue-du-nouveau-prefet-de-gironde-2\/","title":{"rendered":"Llegada del nuevo prefecto de Gironda"},"content":{"rendered":"<p><strong>El lunes 13 de febrero, el nuevo prefecto regional, Etienne Guyot, fue recibido por la presidenta del Syndicat mixte, Nathalie Le Yondre, as\u00ed como por los miembros electos del comit\u00e9 sindical Karine Desmoulin y Patrick Davet. El representante del Estado pudo observar el avance de los trabajos en el \u00e1rea de recepci\u00f3n y la villa de caba\u00f1as. Pudo tomar conciencia de la proximidad del incendio y del trabajo de los bomberos en julio de 2022. Etienne Guyot estuvo particularmente atento a la solicitud de apoyo del Syndicat mixte de cara a futuras inversiones.<\/strong><\/p>\n\n\n\n<figure class=\"wp-block-image size-large\"><img loading=\"lazy\" decoding=\"async\" width=\"1024\" height=\"681\" src=\"https:\/\/ladunedupilat.com\/wp-content\/uploads\/2023\/02\/Venue-de-Monsieur-Le-Prefet-1024x681.jpg\" alt=\"-\" class=\"wp-image-23045\" srcset=\"https:\/\/ladunedupilat.com\/wp-content\/uploads\/2023\/02\/Venue-de-Monsieur-Le-Prefet-1024x681.jpg 1024w, https:\/\/ladunedupilat.com\/wp-content\/uploads\/2023\/02\/Venue-de-Monsieur-Le-Prefet-300x199.jpg 300w, https:\/\/ladunedupilat.com\/wp-content\/uploads\/2023\/02\/Venue-de-Monsieur-Le-Prefet-768x511.jpg 768w, https:\/\/ladunedupilat.com\/wp-content\/uploads\/2023\/02\/Venue-de-Monsieur-Le-Prefet-1536x1021.jpg 1536w, https:\/\/ladunedupilat.com\/wp-content\/uploads\/2023\/02\/Venue-de-Monsieur-Le-Prefet-2048x1362.jpg 2048w, https:\/\/ladunedupilat.com\/wp-content\/uploads\/2023\/02\/Venue-de-Monsieur-Le-Prefet-18x12.jpg 18w, https:\/\/ladunedupilat.com\/wp-content\/uploads\/2023\/02\/Venue-de-Monsieur-Le-Prefet-1200x798.jpg 1200w, https:\/\/ladunedupilat.com\/wp-content\/uploads\/2023\/02\/Venue-de-Monsieur-Le-Prefet-1980x1316.jpg 1980w\" sizes=\"auto, (max-width: 1024px) 100vw, 1024px\" \/><\/figure>\n\n\n\n<p>El presidente y el prefecto tambi\u00e9n pudieron discutir el archivo de etiquetado &quot;Grand Site de France&quot; en el que est\u00e1n trabajando actualmente el Syndicat mixte y sus socios. Esta etiqueta tiene como objetivo reconocer la gesti\u00f3n de acuerdo con los principios del desarrollo sostenible, conciliando la preservaci\u00f3n del paisaje y el &quot;esp\u00edritu del lugar&quot;, la calidad de la recepci\u00f3n de visitantes, la participaci\u00f3n de los habitantes y socios en la vida del Gran Sitio. <\/p>\n\n\n\n<p>Para m\u00e1s informaci\u00f3n: www.grandsitedefrance.com\/label<\/p>","protected":false},"excerpt":{"rendered":"<p>El lunes 13 de febrero, el nuevo prefecto regional, Etienne Guyot, fue recibido por la presidenta del Syndicat mixte, Nathalie\u2026<\/p>","protected":false},"author":8,"featured_media":23045,"comment_status":"open","ping_status":"open","sticky":false,"template":"","format":"standard","meta":{"_acf_changed":false,"_uag_custom_page_level_css":"","footnotes":""},"categories":[1,11],"tags":[],"class_list":["post-23056","post","type-post","status-publish","format-standard","has-post-thumbnail","hentry","category-actualites","category-visite","tw-post-has-image-16-9","tw-meta-no-icon"],"acf":[],"uagb_featured_image_src":{"full":["https:\/\/ladunedupilat.com\/wp-content\/uploads\/2023\/02\/Venue-de-Monsieur-Le-Prefet-scaled.jpg",2560,1702,false],"thumbnail":["https:\/\/ladunedupilat.com\/wp-content\/uploads\/2023\/02\/Venue-de-Monsieur-Le-Prefet-150x150.jpg",150,150,true],"medium":["https:\/\/ladunedupilat.com\/wp-content\/uploads\/2023\/02\/Venue-de-Monsieur-Le-Prefet-300x199.jpg",300,199,true],"medium_large":["https:\/\/ladunedupilat.com\/wp-content\/uploads\/2023\/02\/Venue-de-Monsieur-Le-Prefet-768x511.jpg",580,386,true],"large":["https:\/\/ladunedupilat.com\/wp-content\/uploads\/2023\/02\/Venue-de-Monsieur-Le-Prefet-1024x681.jpg",580,386,true],"1536x1536":["https:\/\/ladunedupilat.com\/wp-content\/uploads\/2023\/02\/Venue-de-Monsieur-Le-Prefet-1536x1021.jpg",1536,1021,true],"2048x2048":["https:\/\/ladunedupilat.com\/wp-content\/uploads\/2023\/02\/Venue-de-Monsieur-Le-Prefet-2048x1362.jpg",2048,1362,true],"trp-custom-language-flag":["https:\/\/ladunedupilat.com\/wp-content\/uploads\/2023\/02\/Venue-de-Monsieur-Le-Prefet-18x12.jpg",18,12,true],"post-thumbnail":["https:\/\/ladunedupilat.com\/wp-content\/uploads\/2023\/02\/Venue-de-Monsieur-Le-Prefet-1200x798.jpg",1200,798,true],"twentytwenty-fullscreen":["https:\/\/ladunedupilat.com\/wp-content\/uploads\/2023\/02\/Venue-de-Monsieur-Le-Prefet-1980x1316.jpg",1980,1316,true]},"uagb_author_info":{"display_name":"communication@ladunedupilat.com","author_link":"https:\/\/ladunedupilat.com\/es\/author\/communicationladunedupilat-com\/"},"uagb_comment_info":0,"uagb_excerpt":"Lundi 13 f\u00e9vrier, le nouveau Pr\u00e9fet de r\u00e9gion, Etienne Guyot, a \u00e9t\u00e9 accueilli par la pr\u00e9sidente du Syndicat mixte, Nathalie&hellip;","_links":{"self":[{"href":"https:\/\/ladunedupilat.com\/es\/wp-json\/wp\/v2\/posts\/23056","targetHints":{"allow":["GET"]}}],"collection":[{"href":"https:\/\/ladunedupilat.com\/es\/wp-json\/wp\/v2\/posts"}],"about":[{"href":"https:\/\/ladunedupilat.com\/es\/wp-json\/wp\/v2\/types\/post"}],"author":[{"embeddable":true,"href":"https:\/\/ladunedupilat.com\/es\/wp-json\/wp\/v2\/users\/8"}],"replies":[{"embeddable":true,"href":"https:\/\/ladunedupilat.com\/es\/wp-json\/wp\/v2\/comments?post=23056"}],"version-history":[{"count":1,"href":"https:\/\/ladunedupilat.com\/es\/wp-json\/wp\/v2\/posts\/23056\/revisions"}],"predecessor-version":[{"id":27224,"href":"https:\/\/ladunedupilat.com\/es\/wp-json\/wp\/v2\/posts\/23056\/revisions\/27224"}],"wp:featuredmedia":[{"embeddable":true,"href":"https:\/\/ladunedupilat.com\/es\/wp-json\/wp\/v2\/media\/23045"}],"wp:attachment":[{"href":"https:\/\/ladunedupilat.com\/es\/wp-json\/wp\/v2\/media?parent=23056"}],"wp:term":[{"taxonomy":"category","embeddable":true,"href":"https:\/\/ladunedupilat.com\/es\/wp-json\/wp\/v2\/categories?post=23056"},{"taxonomy":"post_tag","embeddable":true,"href":"https:\/\/ladunedupilat.com\/es\/wp-json\/wp\/v2\/tags?post=23056"}],"curies":[{"name":"gracias","href":"https:\/\/api.w.org\/{rel}","templated":true}]}}