{"id":24786,"date":"2023-04-08T00:06:33","date_gmt":"2023-04-07T22:06:33","guid":{"rendered":"https:\/\/ladunedupilat.com\/?p=24786"},"modified":"2025-08-01T15:52:27","modified_gmt":"2025-08-01T13:52:27","slug":"nuestras-actividades-en-la-naturaleza-durante-las-vacaciones-de-primavera","status":"publish","type":"post","link":"https:\/\/ladunedupilat.com\/es\/nos-animations-nature-pendant-les-vacances-de-printemps\/","title":{"rendered":"Nuestras actividades de verano en la naturaleza"},"content":{"rendered":"<p><strong>Te damos cita para nuestras actividades en la naturaleza con nuestro equipo de mediadores culturales Claire, Laurie, Margaux y nuestra cuentacuentos Myriam. \u00a1Sin olvidar a Kassy, Bastien y Oc\u00e9ane, en el Punto de Informaci\u00f3n para recibiros! Todo el programa para este verano para descubrir a continuaci\u00f3n.<\/strong><\/p>\n\n\n\n<div class=\"wp-block-buttons is-layout-flex wp-block-buttons-is-layout-flex\">\n<div class=\"wp-block-button\"><a class=\"wp-block-button__link wp-element-button\" href=\"https:\/\/ladunedupilat.com\/wp-content\/uploads\/2023\/06\/Programme-activites.pdf\">DESCARGAR EL PROGRAMA<\/a><\/div>\n<\/div>\n\n\n\n<figure class=\"wp-block-pullquote\"><blockquote><p><strong>\u00bfC\u00f3mo se forman los paisajes? \u00bfLa Dune du Pilat es m\u00f3vil? \u00bfC\u00f3mo se mueve? \u00bfQu\u00e9 vida alberga este fr\u00e1gil ecosistema? \u00bfQu\u00e9 es tocar?<\/strong> <strong>\u00a1Nuestros gu\u00edas de la naturaleza lo invitan junto con ellos a comprender mejor este patrimonio y su historia!<\/strong><\/p><\/blockquote><\/figure>\n\n\n\n<figure class=\"wp-block-gallery has-nested-images columns-default is-cropped wp-block-gallery-1 is-layout-flex wp-block-gallery-is-layout-flex\">\n<figure class=\"wp-block-image size-large\"><img loading=\"lazy\" decoding=\"async\" width=\"1024\" height=\"683\" data-id=\"24795\" src=\"https:\/\/ladunedupilat.com\/wp-content\/uploads\/2023\/04\/IMG_8325-1024x683.jpg\" alt=\"-\" class=\"wp-image-24795\" srcset=\"https:\/\/ladunedupilat.com\/wp-content\/uploads\/2023\/04\/IMG_8325-1024x683.jpg 1024w, https:\/\/ladunedupilat.com\/wp-content\/uploads\/2023\/04\/IMG_8325-300x200.jpg 300w, https:\/\/ladunedupilat.com\/wp-content\/uploads\/2023\/04\/IMG_8325-768x512.jpg 768w, https:\/\/ladunedupilat.com\/wp-content\/uploads\/2023\/04\/IMG_8325-1536x1024.jpg 1536w, https:\/\/ladunedupilat.com\/wp-content\/uploads\/2023\/04\/IMG_8325-2048x1365.jpg 2048w, https:\/\/ladunedupilat.com\/wp-content\/uploads\/2023\/04\/IMG_8325-18x12.jpg 18w, https:\/\/ladunedupilat.com\/wp-content\/uploads\/2023\/04\/IMG_8325-1200x800.jpg 1200w, https:\/\/ladunedupilat.com\/wp-content\/uploads\/2023\/04\/IMG_8325-1980x1320.jpg 1980w\" sizes=\"auto, (max-width: 1024px) 100vw, 1024px\" \/><figcaption class=\"wp-element-caption\">Cuentos en la duna<\/figcaption><\/figure>\n\n\n\n<figure class=\"wp-block-image size-large\"><img loading=\"lazy\" decoding=\"async\" width=\"1024\" height=\"683\" data-id=\"24794\" src=\"https:\/\/ladunedupilat.com\/wp-content\/uploads\/2023\/04\/IMG_8134-1024x683.jpg\" alt=\"-\" class=\"wp-image-24794\" srcset=\"https:\/\/ladunedupilat.com\/wp-content\/uploads\/2023\/04\/IMG_8134-1024x683.jpg 1024w, https:\/\/ladunedupilat.com\/wp-content\/uploads\/2023\/04\/IMG_8134-300x200.jpg 300w, https:\/\/ladunedupilat.com\/wp-content\/uploads\/2023\/04\/IMG_8134-768x512.jpg 768w, https:\/\/ladunedupilat.com\/wp-content\/uploads\/2023\/04\/IMG_8134-1536x1024.jpg 1536w, https:\/\/ladunedupilat.com\/wp-content\/uploads\/2023\/04\/IMG_8134-2048x1365.jpg 2048w, https:\/\/ladunedupilat.com\/wp-content\/uploads\/2023\/04\/IMG_8134-18x12.jpg 18w, https:\/\/ladunedupilat.com\/wp-content\/uploads\/2023\/04\/IMG_8134-1200x800.jpg 1200w, https:\/\/ladunedupilat.com\/wp-content\/uploads\/2023\/04\/IMG_8134-1980x1320.jpg 1980w\" sizes=\"auto, (max-width: 1024px) 100vw, 1024px\" \/><figcaption class=\"wp-element-caption\">Flora del Gran Sitio.<\/figcaption><\/figure>\n\n\n\n<figure class=\"wp-block-image size-large\"><img loading=\"lazy\" decoding=\"async\" width=\"683\" height=\"1024\" data-id=\"24793\" src=\"https:\/\/ladunedupilat.com\/wp-content\/uploads\/2023\/04\/IMG_8120-683x1024.jpg\" alt=\"-\" class=\"wp-image-24793\" srcset=\"https:\/\/ladunedupilat.com\/wp-content\/uploads\/2023\/04\/IMG_8120-683x1024.jpg 683w, https:\/\/ladunedupilat.com\/wp-content\/uploads\/2023\/04\/IMG_8120-200x300.jpg 200w, https:\/\/ladunedupilat.com\/wp-content\/uploads\/2023\/04\/IMG_8120-768x1152.jpg 768w, https:\/\/ladunedupilat.com\/wp-content\/uploads\/2023\/04\/IMG_8120-1024x1536.jpg 1024w, https:\/\/ladunedupilat.com\/wp-content\/uploads\/2023\/04\/IMG_8120-1365x2048.jpg 1365w, https:\/\/ladunedupilat.com\/wp-content\/uploads\/2023\/04\/IMG_8120-8x12.jpg 8w, https:\/\/ladunedupilat.com\/wp-content\/uploads\/2023\/04\/IMG_8120-1200x1800.jpg 1200w, https:\/\/ladunedupilat.com\/wp-content\/uploads\/2023\/04\/IMG_8120-1980x2970.jpg 1980w, https:\/\/ladunedupilat.com\/wp-content\/uploads\/2023\/04\/IMG_8120-scaled.jpg 1707w\" sizes=\"auto, (max-width: 683px) 100vw, 683px\" \/><figcaption class=\"wp-element-caption\">Zoom sobre la flora<\/figcaption><\/figure>\n\n\n\n<figure class=\"wp-block-image size-large\"><img loading=\"lazy\" decoding=\"async\" width=\"1024\" height=\"683\" data-id=\"24792\" src=\"https:\/\/ladunedupilat.com\/wp-content\/uploads\/2023\/04\/IMG_7174-1024x683.jpg\" alt=\"-\" class=\"wp-image-24792\" srcset=\"https:\/\/ladunedupilat.com\/wp-content\/uploads\/2023\/04\/IMG_7174-1024x683.jpg 1024w, https:\/\/ladunedupilat.com\/wp-content\/uploads\/2023\/04\/IMG_7174-300x200.jpg 300w, https:\/\/ladunedupilat.com\/wp-content\/uploads\/2023\/04\/IMG_7174-768x512.jpg 768w, https:\/\/ladunedupilat.com\/wp-content\/uploads\/2023\/04\/IMG_7174-1536x1024.jpg 1536w, https:\/\/ladunedupilat.com\/wp-content\/uploads\/2023\/04\/IMG_7174-2048x1365.jpg 2048w, https:\/\/ladunedupilat.com\/wp-content\/uploads\/2023\/04\/IMG_7174-18x12.jpg 18w, https:\/\/ladunedupilat.com\/wp-content\/uploads\/2023\/04\/IMG_7174-1200x800.jpg 1200w, https:\/\/ladunedupilat.com\/wp-content\/uploads\/2023\/04\/IMG_7174-1980x1320.jpg 1980w\" sizes=\"auto, (max-width: 1024px) 100vw, 1024px\" \/><figcaption class=\"wp-element-caption\">Navega por la cresta de la Duna<\/figcaption><\/figure>\n\n\n\n<figure class=\"wp-block-image size-large\"><img loading=\"lazy\" decoding=\"async\" width=\"1024\" height=\"683\" data-id=\"24791\" src=\"https:\/\/ladunedupilat.com\/wp-content\/uploads\/2023\/04\/IMG_6629-1024x683.jpg\" alt=\"-\" class=\"wp-image-24791\" srcset=\"https:\/\/ladunedupilat.com\/wp-content\/uploads\/2023\/04\/IMG_6629-1024x683.jpg 1024w, https:\/\/ladunedupilat.com\/wp-content\/uploads\/2023\/04\/IMG_6629-300x200.jpg 300w, https:\/\/ladunedupilat.com\/wp-content\/uploads\/2023\/04\/IMG_6629-768x512.jpg 768w, https:\/\/ladunedupilat.com\/wp-content\/uploads\/2023\/04\/IMG_6629-1536x1024.jpg 1536w, https:\/\/ladunedupilat.com\/wp-content\/uploads\/2023\/04\/IMG_6629-2048x1365.jpg 2048w, https:\/\/ladunedupilat.com\/wp-content\/uploads\/2023\/04\/IMG_6629-18x12.jpg 18w, https:\/\/ladunedupilat.com\/wp-content\/uploads\/2023\/04\/IMG_6629-1200x800.jpg 1200w, https:\/\/ladunedupilat.com\/wp-content\/uploads\/2023\/04\/IMG_6629-1980x1320.jpg 1980w\" sizes=\"auto, (max-width: 1024px) 100vw, 1024px\" \/><figcaption class=\"wp-element-caption\">Aprende m\u00e1s sobre la formaci\u00f3n de la Duna<\/figcaption><\/figure>\n\n\n\n<figure class=\"wp-block-image size-large\"><img loading=\"lazy\" decoding=\"async\" width=\"1024\" height=\"683\" data-id=\"24790\" src=\"https:\/\/ladunedupilat.com\/wp-content\/uploads\/2023\/04\/IMG_0709-1024x683.jpg\" alt=\"-\" class=\"wp-image-24790\" srcset=\"https:\/\/ladunedupilat.com\/wp-content\/uploads\/2023\/04\/IMG_0709-1024x683.jpg 1024w, https:\/\/ladunedupilat.com\/wp-content\/uploads\/2023\/04\/IMG_0709-300x200.jpg 300w, https:\/\/ladunedupilat.com\/wp-content\/uploads\/2023\/04\/IMG_0709-768x512.jpg 768w, https:\/\/ladunedupilat.com\/wp-content\/uploads\/2023\/04\/IMG_0709-1536x1024.jpg 1536w, https:\/\/ladunedupilat.com\/wp-content\/uploads\/2023\/04\/IMG_0709-2048x1365.jpg 2048w, https:\/\/ladunedupilat.com\/wp-content\/uploads\/2023\/04\/IMG_0709-18x12.jpg 18w, https:\/\/ladunedupilat.com\/wp-content\/uploads\/2023\/04\/IMG_0709-1200x800.jpg 1200w, https:\/\/ladunedupilat.com\/wp-content\/uploads\/2023\/04\/IMG_0709-1980x1320.jpg 1980w\" sizes=\"auto, (max-width: 1024px) 100vw, 1024px\" \/><figcaption class=\"wp-element-caption\">Un espacio fr\u00e1gil para todas las generaciones<\/figcaption><\/figure>\n\n\n\n<figure class=\"wp-block-image size-large\"><img loading=\"lazy\" decoding=\"async\" width=\"1024\" height=\"575\" data-id=\"24796\" src=\"https:\/\/ladunedupilat.com\/wp-content\/uploads\/2023\/04\/P1130422-1024x575.jpg\" alt=\"-\" class=\"wp-image-24796\" srcset=\"https:\/\/ladunedupilat.com\/wp-content\/uploads\/2023\/04\/P1130422-1024x575.jpg 1024w, https:\/\/ladunedupilat.com\/wp-content\/uploads\/2023\/04\/P1130422-300x169.jpg 300w, https:\/\/ladunedupilat.com\/wp-content\/uploads\/2023\/04\/P1130422-768x432.jpg 768w, https:\/\/ladunedupilat.com\/wp-content\/uploads\/2023\/04\/P1130422-1536x863.jpg 1536w, https:\/\/ladunedupilat.com\/wp-content\/uploads\/2023\/04\/P1130422-2048x1151.jpg 2048w, https:\/\/ladunedupilat.com\/wp-content\/uploads\/2023\/04\/P1130422-18x10.jpg 18w, https:\/\/ladunedupilat.com\/wp-content\/uploads\/2023\/04\/P1130422-1200x674.jpg 1200w, https:\/\/ladunedupilat.com\/wp-content\/uploads\/2023\/04\/P1130422-1980x1113.jpg 1980w\" sizes=\"auto, (max-width: 1024px) 100vw, 1024px\" \/><figcaption class=\"wp-element-caption\">Las arenas de la Duna y el mundo <\/figcaption><\/figure>\n\n\n\n<figure class=\"wp-block-image size-large\"><img loading=\"lazy\" decoding=\"async\" width=\"1024\" height=\"772\" data-id=\"24789\" src=\"https:\/\/ladunedupilat.com\/wp-content\/uploads\/2023\/04\/319097919_176323015008467_8171164846660657141_n-1024x772.jpg\" alt=\"-\" class=\"wp-image-24789\" srcset=\"https:\/\/ladunedupilat.com\/wp-content\/uploads\/2023\/04\/319097919_176323015008467_8171164846660657141_n-1024x772.jpg 1024w, https:\/\/ladunedupilat.com\/wp-content\/uploads\/2023\/04\/319097919_176323015008467_8171164846660657141_n-300x226.jpg 300w, https:\/\/ladunedupilat.com\/wp-content\/uploads\/2023\/04\/319097919_176323015008467_8171164846660657141_n-768x579.jpg 768w, https:\/\/ladunedupilat.com\/wp-content\/uploads\/2023\/04\/319097919_176323015008467_8171164846660657141_n-16x12.jpg 16w, https:\/\/ladunedupilat.com\/wp-content\/uploads\/2023\/04\/319097919_176323015008467_8171164846660657141_n-1200x904.jpg 1200w, https:\/\/ladunedupilat.com\/wp-content\/uploads\/2023\/04\/319097919_176323015008467_8171164846660657141_n.jpg 1440w\" sizes=\"auto, (max-width: 1024px) 100vw, 1024px\" \/><figcaption class=\"wp-element-caption\">Recepciones publicadas naturalistas con el Banc d&#039;Arguin<\/figcaption><\/figure>\n\n\n\n<figure class=\"wp-block-image size-large\"><img loading=\"lazy\" decoding=\"async\" width=\"768\" height=\"1024\" data-id=\"4525\" src=\"https:\/\/ladunedupilat.com\/wp-content\/uploads\/2022\/08\/20220730_150139-768x1024.jpg\" alt=\"-\" class=\"wp-image-4525\" srcset=\"https:\/\/ladunedupilat.com\/wp-content\/uploads\/2022\/08\/20220730_150139-768x1024.jpg 768w, https:\/\/ladunedupilat.com\/wp-content\/uploads\/2022\/08\/20220730_150139-225x300.jpg 225w, https:\/\/ladunedupilat.com\/wp-content\/uploads\/2022\/08\/20220730_150139-1152x1536.jpg 1152w, https:\/\/ladunedupilat.com\/wp-content\/uploads\/2022\/08\/20220730_150139-1536x2048.jpg 1536w, https:\/\/ladunedupilat.com\/wp-content\/uploads\/2022\/08\/20220730_150139-9x12.jpg 9w, https:\/\/ladunedupilat.com\/wp-content\/uploads\/2022\/08\/20220730_150139-1200x1600.jpg 1200w, https:\/\/ladunedupilat.com\/wp-content\/uploads\/2022\/08\/20220730_150139-1980x2640.jpg 1980w, https:\/\/ladunedupilat.com\/wp-content\/uploads\/2022\/08\/20220730_150139-scaled.jpg 1920w\" sizes=\"auto, (max-width: 768px) 100vw, 768px\" \/><figcaption class=\"wp-element-caption\">observaci\u00f3n naturalista<\/figcaption><\/figure>\n<\/figure>\n\n\n\n<p><\/p>\n\n\n\n<div class=\"wp-block-group alignfull\"><div class=\"wp-block-group__inner-container is-layout-constrained wp-block-group-is-layout-constrained\">\n<p>\u00a1La Fiesta del Mar y la Costa tendr\u00e1 lugar el fin de semana del 8 y 9 de julio! Descubre todo el programa en: <a href=\"https:\/\/fetedelameretdeslittoraux.fr\/les-evenements\/\" rel=\"nofollow noopener\" target=\"_blank\">www.fetedelameretdeslittoraux.fr <\/a><\/p>\n\n\n\n<p><\/p>\n\n\n\n<h4 class=\"wp-block-heading\"><strong>Caminatas narrativas<\/strong><\/h4>\n\n\n\n<p>D\u00e9jese guiar por la narradora Myriam Darmant\u00e9, que a trav\u00e9s de sus cuentos y leyendas en el Gran Sitio, har\u00e1 viajar su imaginaci\u00f3n... Un momento po\u00e9tico y tierno en la Duna, para compartir en familia.<\/p>\n\n\n\n<ul class=\"is-style-tw-border wp-block-list\">\n<li><strong>domingo 9 de julio <\/strong>(alrededor de 1h30 con la subida de la Duna) \u2013 A partir de 10 a\u00f1os<\/li>\n\n\n\n<li>Salida a las 9:30 am (reuni\u00f3n a las 9:15 am)<\/li>\n\n\n\n<li><strong>domingo, 10 de septiembre<\/strong> - A partir de 10 a\u00f1os<\/li>\n\n\n\n<li>Cuentacuentos y paseo guiado con el cuentacuentos de la Duna y uno de nuestros mediadores. Salida a las 10 h (cita a las 9:45 h).<\/li>\n\n\n\n<li><strong>Durante las Jornadas Europeas del Patrimonio, el s\u00e1bado 16 de septiembre a las 7 h.<\/strong><\/li>\n\n\n\n<li><strong>Durante las 48H Naturaleza, domingo 1 de octubre<\/strong> a las 14:30 (cita a las 14:15).<\/li>\n\n\n\n<li><strong>Durante las vacaciones escolares de oto\u00f1o, los mi\u00e9rcoles 25 de octubre y 1 de noviembre<\/strong> (para ni\u00f1os a partir de 6 a\u00f1os), a las 14.30 h (cita a las 14.15 h)<\/li>\n\n\n\n<li><em>Entretenimiento gratuito. M\u00e1s informaci\u00f3n en 06 32 01 45 51 \/ <a href=\"mailto:mediation@ladunedupilat.com\">mediation@ladunedupilat.com<\/a><\/em><\/li>\n<\/ul>\n\n\n\n<p><\/p>\n\n\n\n<h4 class=\"wp-block-heading\"><strong>Paseos comentados<\/strong><\/h4>\n\n\n\n<p>En familia, con amigos o solo, entienda la duna de manera diferente y descubra el valor hist\u00f3rico, geol\u00f3gico, arqueol\u00f3gico, cultural, paisaj\u00edstico, flor\u00edstico y faun\u00edstico de este fr\u00e1gil patrimonio natural.<\/p>\n\n\n\n<ul class=\"is-style-tw-border wp-block-list\">\n<li>Todos los domingos por la ma\u00f1ana a las 10 h (duraci\u00f3n: 1 hora aproximadamente)<\/li>\n\n\n\n<li><em>Esta animaci\u00f3n gratuita es posible en otros tragamonedas, dependiendo de la disponibilidad de nuestros mediadores. M\u00e1s informaci\u00f3n al 06 32 01 45 51\/ <a href=\"mailto:mediation@ladunedupilat.com\">mediation@ladunedupilat.com<\/a><\/em><\/li>\n<\/ul>\n\n\n\n<h4 class=\"wp-block-heading\"><strong>Casa publicada con catalejo, en la cima de Dune<\/strong><\/h4>\n\n\n\n<p>\u00a1Participa en una de las recepciones publicadas en la cresta de la duna! Con los equipos \u00f3pticos puestos a su disposici\u00f3n, descubra el paisaje que le ofrece la duna de Pilat: el macizo forestal (historia, impacto del fuego, etc.), el Bassin d&#039;Arcachon, el Banc d&#039;Arguin, la punta del Cap Hur\u00f3n\u2026<\/p>\n\n\n\n<ul class=\"is-style-tw-border wp-block-list\">\n<li>alrededor de 1 hora<\/li>\n\n\n\n<li>Durante toda la temporada seg\u00fan disponibilidad de mediadores.<\/li>\n\n\n\n<li><em>Entretenimiento gratuito. M\u00e1s info en el 06 32 01 45 51 y <a href=\"mailto:mediation@ladunedupilat.com\">mediation@ladunedupilat.com<\/a><\/em><\/li>\n<\/ul>\n<\/div><\/div>\n\n\n\n<p><\/p>\n\n\n\n<p>ANTES DE VENIR A LA DUNA, TE INVITAMOS A CONSULTAR LA ASISTENCIA EN TIEMPO REAL DEL PARKING Y A FAVOREAR LA MOVILIDAD SUAVE.<\/p>\n\n\n\n<p><\/p>\n\n\n\n<p><\/p>\n\n\n\n<p><\/p>","protected":false},"excerpt":{"rendered":"<p>Te damos cita para nuestras actividades en la naturaleza con nuestro equipo de mediadores culturales Claire, Laurie, Margaux y nuestro cuentacuentos...<\/p>","protected":false},"author":8,"featured_media":24795,"comment_status":"open","ping_status":"open","sticky":false,"template":"","format":"standard","meta":{"_acf_changed":false,"_uag_custom_page_level_css":"","footnotes":""},"categories":[1,10],"tags":[],"class_list":["post-24786","post","type-post","status-publish","format-standard","has-post-thumbnail","hentry","category-actualites","category-animations","tw-post-has-image-16-9","tw-meta-no-icon"],"acf":[],"uagb_featured_image_src":{"full":["https:\/\/ladunedupilat.com\/wp-content\/uploads\/2023\/04\/IMG_8325-scaled.jpg",2560,1707,false],"thumbnail":["https:\/\/ladunedupilat.com\/wp-content\/uploads\/2023\/04\/IMG_8325-150x150.jpg",150,150,true],"medium":["https:\/\/ladunedupilat.com\/wp-content\/uploads\/2023\/04\/IMG_8325-300x200.jpg",300,200,true],"medium_large":["https:\/\/ladunedupilat.com\/wp-content\/uploads\/2023\/04\/IMG_8325-768x512.jpg",580,387,true],"large":["https:\/\/ladunedupilat.com\/wp-content\/uploads\/2023\/04\/IMG_8325-1024x683.jpg",580,387,true],"1536x1536":["https:\/\/ladunedupilat.com\/wp-content\/uploads\/2023\/04\/IMG_8325-1536x1024.jpg",1536,1024,true],"2048x2048":["https:\/\/ladunedupilat.com\/wp-content\/uploads\/2023\/04\/IMG_8325-2048x1365.jpg",2048,1365,true],"trp-custom-language-flag":["https:\/\/ladunedupilat.com\/wp-content\/uploads\/2023\/04\/IMG_8325-18x12.jpg",18,12,true],"post-thumbnail":["https:\/\/ladunedupilat.com\/wp-content\/uploads\/2023\/04\/IMG_8325-1200x800.jpg",1200,800,true],"twentytwenty-fullscreen":["https:\/\/ladunedupilat.com\/wp-content\/uploads\/2023\/04\/IMG_8325-1980x1320.jpg",1980,1320,true]},"uagb_author_info":{"display_name":"communication@ladunedupilat.com","author_link":"https:\/\/ladunedupilat.com\/es\/author\/communicationladunedupilat-com\/"},"uagb_comment_info":0,"uagb_excerpt":"Nous vous donnons rendez-vous pour nos activit\u00e9s nature avec notre \u00e9quipe de m\u00e9diatrices culturelles Claire, Laurie, Margaux et notre conteuse&hellip;","_links":{"self":[{"href":"https:\/\/ladunedupilat.com\/es\/wp-json\/wp\/v2\/posts\/24786","targetHints":{"allow":["GET"]}}],"collection":[{"href":"https:\/\/ladunedupilat.com\/es\/wp-json\/wp\/v2\/posts"}],"about":[{"href":"https:\/\/ladunedupilat.com\/es\/wp-json\/wp\/v2\/types\/post"}],"author":[{"embeddable":true,"href":"https:\/\/ladunedupilat.com\/es\/wp-json\/wp\/v2\/users\/8"}],"replies":[{"embeddable":true,"href":"https:\/\/ladunedupilat.com\/es\/wp-json\/wp\/v2\/comments?post=24786"}],"version-history":[{"count":1,"href":"https:\/\/ladunedupilat.com\/es\/wp-json\/wp\/v2\/posts\/24786\/revisions"}],"predecessor-version":[{"id":27227,"href":"https:\/\/ladunedupilat.com\/es\/wp-json\/wp\/v2\/posts\/24786\/revisions\/27227"}],"wp:featuredmedia":[{"embeddable":true,"href":"https:\/\/ladunedupilat.com\/es\/wp-json\/wp\/v2\/media\/24795"}],"wp:attachment":[{"href":"https:\/\/ladunedupilat.com\/es\/wp-json\/wp\/v2\/media?parent=24786"}],"wp:term":[{"taxonomy":"category","embeddable":true,"href":"https:\/\/ladunedupilat.com\/es\/wp-json\/wp\/v2\/categories?post=24786"},{"taxonomy":"post_tag","embeddable":true,"href":"https:\/\/ladunedupilat.com\/es\/wp-json\/wp\/v2\/tags?post=24786"}],"curies":[{"name":"gracias","href":"https:\/\/api.w.org\/{rel}","templated":true}]}}