{"id":24917,"date":"2023-05-26T16:26:34","date_gmt":"2023-05-26T14:26:34","guid":{"rendered":"https:\/\/ladunedupilat.com\/?p=24917"},"modified":"2025-08-01T15:45:20","modified_gmt":"2025-08-01T13:45:20","slug":"ven-a-la-duna-preparate-bien-para-tu-visita","status":"publish","type":"post","link":"https:\/\/ladunedupilat.com\/es\/venir-a-la-dune-bien-preparer-sa-visite\/","title":{"rendered":"Venir a la Duna en verano: prepara bien tu visita"},"content":{"rendered":"<p><\/p>\n\n\n\n<h2 class=\"wp-block-heading\"><strong>Prepara tu visita al Gran Sitio de la Duna de Pilat<\/strong><\/h2>\n\n\n\n<p>\u00a1Muchos de vosotros quer\u00e9is venir a la Duna durante el verano y descubrir este monumento natural!<\/p>\n\n\n<div class=\"wp-block-image\">\n<figure class=\"aligncenter size-large\"><img loading=\"lazy\" decoding=\"async\" width=\"1024\" height=\"538\" src=\"https:\/\/ladunedupilat.com\/wp-content\/uploads\/2023\/07\/PEX-1200X630-1024x538.jpg\" alt=\"-\" class=\"wp-image-25004\" srcset=\"https:\/\/ladunedupilat.com\/wp-content\/uploads\/2023\/07\/PEX-1200X630-1024x538.jpg 1024w, https:\/\/ladunedupilat.com\/wp-content\/uploads\/2023\/07\/PEX-1200X630-300x158.jpg 300w, https:\/\/ladunedupilat.com\/wp-content\/uploads\/2023\/07\/PEX-1200X630-768x403.jpg 768w, https:\/\/ladunedupilat.com\/wp-content\/uploads\/2023\/07\/PEX-1200X630-18x9.jpg 18w, https:\/\/ladunedupilat.com\/wp-content\/uploads\/2023\/07\/PEX-1200X630.jpg 1200w\" sizes=\"auto, (max-width: 1024px) 100vw, 1024px\" \/><\/figure>\n<\/div>\n\n\n<p><\/p>\n\n\n\n<p>Como recordatorio, <strong>el estacionamiento salvaje est\u00e1 estrictamente prohibido cerca de la Duna<\/strong> (a lo largo de la carretera, en el bosque, etc.).<\/p>\n\n\n\n<p><strong>El estacionamiento ilegal est\u00e1 sancionado con una multa de 135 euros.<\/strong><\/p>\n\n\n\n<p>Antes de venir prepara tu visita y consulta la <a href=\"https:\/\/ladunedupilat.com\/es\/preparacion\/asistencia-en-vivo\/?fbclid=IwAR3fgNdTcsqikpeRYdlZb5SQqXLORePTPN_5_LcUXtVPD208rfBzzVSRwtg\">asistencia en tiempo real del estacionamiento<\/a>.<\/p>\n\n\n\n<p>Le invitamos a no utilizar su coche y a favorecer la movilidad blanda como la bicicleta (hay portaequipajes disponibles en la zona de recepci\u00f3n y las ciclov\u00edas pululan por el recinto) y el Autob\u00fas:<\/p>\n\n\n\n<ul class=\"wp-block-list\">\n<li>L\u00ednea 3 de la red de autobuses de Ba\u00efa y l\u00edneas expr\u00e9s<\/li>\n<\/ul>\n\n\n\n<p><strong>El parking Dune du Pilat Park and Ride<\/strong> en el Parc des Expositions de La Teste de Buch vuelve este a\u00f1o <br><strong>Evite el tr\u00e1fico y diga no al estacionamiento salvaje<\/strong> utilizando el Parking Relais de la Dune du Pilat. <\/p>\n\n\n\n<p>Informaci\u00f3n pr\u00e1ctica: Abierto del 10 de julio al 27 de agosto - De lunes a domingo de 9:30 a 20:00 - Lanzaderas cada 20 minutos (1\u00aa a las 10:00 en el Parking Relais, \u00faltima salida a las 19:00 desde la Dune du Pilat) - 3 \u20ac por coche y 2\u20ac por persona ida y vuelta (solo con tarjeta de cr\u00e9dito)<\/p>\n\n\n\n<p><strong>\u00a1Juntos, conservemos la naturaleza!<\/strong><\/p>\n\n\n\n<p>Gracias por su vigilancia.<\/p>\n\n\n\n<figure class=\"wp-block-gallery has-nested-images columns-default is-cropped wp-block-gallery-1 is-layout-flex wp-block-gallery-is-layout-flex\">\n<figure class=\"wp-block-image size-large\"><img loading=\"lazy\" decoding=\"async\" width=\"1024\" height=\"768\" data-id=\"24918\" src=\"https:\/\/ladunedupilat.com\/wp-content\/uploads\/2023\/05\/20210728_210440_BD-1024x768.jpg\" alt=\"-\" class=\"wp-image-24918\" srcset=\"https:\/\/ladunedupilat.com\/wp-content\/uploads\/2023\/05\/20210728_210440_BD-1024x768.jpg 1024w, https:\/\/ladunedupilat.com\/wp-content\/uploads\/2023\/05\/20210728_210440_BD-300x225.jpg 300w, https:\/\/ladunedupilat.com\/wp-content\/uploads\/2023\/05\/20210728_210440_BD-768x576.jpg 768w, https:\/\/ladunedupilat.com\/wp-content\/uploads\/2023\/05\/20210728_210440_BD-1536x1152.jpg 1536w, https:\/\/ladunedupilat.com\/wp-content\/uploads\/2023\/05\/20210728_210440_BD-2048x1536.jpg 2048w, https:\/\/ladunedupilat.com\/wp-content\/uploads\/2023\/05\/20210728_210440_BD-16x12.jpg 16w, https:\/\/ladunedupilat.com\/wp-content\/uploads\/2023\/05\/20210728_210440_BD-1200x900.jpg 1200w, https:\/\/ladunedupilat.com\/wp-content\/uploads\/2023\/05\/20210728_210440_BD-1980x1485.jpg 1980w\" sizes=\"auto, (max-width: 1024px) 100vw, 1024px\" \/><figcaption class=\"wp-element-caption\">The Dune da la bienvenida a 2 millones de visitantes cada a\u00f1o.<\/figcaption><\/figure>\n\n\n\n<figure class=\"wp-block-image size-large\"><img loading=\"lazy\" decoding=\"async\" width=\"1024\" height=\"683\" data-id=\"24919\" src=\"https:\/\/ladunedupilat.com\/wp-content\/uploads\/2023\/05\/IMG_7830_BD-1024x683.jpg\" alt=\"-\" class=\"wp-image-24919\" srcset=\"https:\/\/ladunedupilat.com\/wp-content\/uploads\/2023\/05\/IMG_7830_BD-1024x683.jpg 1024w, https:\/\/ladunedupilat.com\/wp-content\/uploads\/2023\/05\/IMG_7830_BD-300x200.jpg 300w, https:\/\/ladunedupilat.com\/wp-content\/uploads\/2023\/05\/IMG_7830_BD-768x512.jpg 768w, https:\/\/ladunedupilat.com\/wp-content\/uploads\/2023\/05\/IMG_7830_BD-1536x1024.jpg 1536w, https:\/\/ladunedupilat.com\/wp-content\/uploads\/2023\/05\/IMG_7830_BD-2048x1365.jpg 2048w, https:\/\/ladunedupilat.com\/wp-content\/uploads\/2023\/05\/IMG_7830_BD-18x12.jpg 18w, https:\/\/ladunedupilat.com\/wp-content\/uploads\/2023\/05\/IMG_7830_BD-1200x800.jpg 1200w, https:\/\/ladunedupilat.com\/wp-content\/uploads\/2023\/05\/IMG_7830_BD-1980x1320.jpg 1980w\" sizes=\"auto, (max-width: 1024px) 100vw, 1024px\" \/><figcaption class=\"wp-element-caption\">Detr\u00e1s de la Duna Rubia, los estigmas a\u00fan bien marcados del fuego.<\/figcaption><\/figure>\n\n\n\n<figure class=\"wp-block-image size-large\"><img loading=\"lazy\" decoding=\"async\" width=\"1024\" height=\"683\" data-id=\"24920\" src=\"https:\/\/ladunedupilat.com\/wp-content\/uploads\/2023\/05\/Photo-foret-brulee_BD-1024x683.jpg\" alt=\"-\" class=\"wp-image-24920\" srcset=\"https:\/\/ladunedupilat.com\/wp-content\/uploads\/2023\/05\/Photo-foret-brulee_BD-1024x683.jpg 1024w, https:\/\/ladunedupilat.com\/wp-content\/uploads\/2023\/05\/Photo-foret-brulee_BD-300x200.jpg 300w, https:\/\/ladunedupilat.com\/wp-content\/uploads\/2023\/05\/Photo-foret-brulee_BD-768x512.jpg 768w, https:\/\/ladunedupilat.com\/wp-content\/uploads\/2023\/05\/Photo-foret-brulee_BD-1536x1024.jpg 1536w, https:\/\/ladunedupilat.com\/wp-content\/uploads\/2023\/05\/Photo-foret-brulee_BD-2048x1365.jpg 2048w, https:\/\/ladunedupilat.com\/wp-content\/uploads\/2023\/05\/Photo-foret-brulee_BD-18x12.jpg 18w, https:\/\/ladunedupilat.com\/wp-content\/uploads\/2023\/05\/Photo-foret-brulee_BD-1200x800.jpg 1200w, https:\/\/ladunedupilat.com\/wp-content\/uploads\/2023\/05\/Photo-foret-brulee_BD-1980x1320.jpg 1980w\" sizes=\"auto, (max-width: 1024px) 100vw, 1024px\" \/><figcaption class=\"wp-element-caption\">El bosque hoy.<\/figcaption><\/figure>\n<\/figure>\n\n\n\n<p>\u00a1Juntos, conservemos la naturaleza!<img loading=\"lazy\" decoding=\"async\" height=\"16\" width=\"16\" alt=\"\ud83c\udf3f\" src=\"https:\/\/static.xx.fbcdn.net\/images\/emoji.php\/v9\/t77\/1.5\/16\/1f33f.png\"><\/p>\n\n\n\n<p>Gracias a todos por su vigilancia.<\/p>","protected":false},"excerpt":{"rendered":"<p>Preparad vuestra visita al Gran Sitio de la Duna del Pilat Muchos de vosotros quer\u00e9is venir al\u2026<\/p>","protected":false},"author":8,"featured_media":24918,"comment_status":"open","ping_status":"open","sticky":false,"template":"","format":"standard","meta":{"_acf_changed":false,"_uag_custom_page_level_css":"","footnotes":""},"categories":[1,29],"tags":[],"class_list":["post-24917","post","type-post","status-publish","format-standard","has-post-thumbnail","hentry","category-actualites","category-mobilite","tw-post-has-image-16-9","tw-meta-no-icon"],"acf":[],"uagb_featured_image_src":{"full":["https:\/\/ladunedupilat.com\/wp-content\/uploads\/2023\/05\/20210728_210440_BD-scaled.jpg",2560,1920,false],"thumbnail":["https:\/\/ladunedupilat.com\/wp-content\/uploads\/2023\/05\/20210728_210440_BD-150x150.jpg",150,150,true],"medium":["https:\/\/ladunedupilat.com\/wp-content\/uploads\/2023\/05\/20210728_210440_BD-300x225.jpg",300,225,true],"medium_large":["https:\/\/ladunedupilat.com\/wp-content\/uploads\/2023\/05\/20210728_210440_BD-768x576.jpg",580,435,true],"large":["https:\/\/ladunedupilat.com\/wp-content\/uploads\/2023\/05\/20210728_210440_BD-1024x768.jpg",580,435,true],"1536x1536":["https:\/\/ladunedupilat.com\/wp-content\/uploads\/2023\/05\/20210728_210440_BD-1536x1152.jpg",1536,1152,true],"2048x2048":["https:\/\/ladunedupilat.com\/wp-content\/uploads\/2023\/05\/20210728_210440_BD-2048x1536.jpg",2048,1536,true],"trp-custom-language-flag":["https:\/\/ladunedupilat.com\/wp-content\/uploads\/2023\/05\/20210728_210440_BD-16x12.jpg",16,12,true],"post-thumbnail":["https:\/\/ladunedupilat.com\/wp-content\/uploads\/2023\/05\/20210728_210440_BD-1200x900.jpg",1200,900,true],"twentytwenty-fullscreen":["https:\/\/ladunedupilat.com\/wp-content\/uploads\/2023\/05\/20210728_210440_BD-1980x1485.jpg",1980,1485,true]},"uagb_author_info":{"display_name":"communication@ladunedupilat.com","author_link":"https:\/\/ladunedupilat.com\/es\/author\/communicationladunedupilat-com\/"},"uagb_comment_info":0,"uagb_excerpt":"Pr\u00e9parez votre venue sur le Grand Site de la Dune du Pilat Vous \u00eates nombreux \u00e0 vouloir venir sur la&hellip;","_links":{"self":[{"href":"https:\/\/ladunedupilat.com\/es\/wp-json\/wp\/v2\/posts\/24917","targetHints":{"allow":["GET"]}}],"collection":[{"href":"https:\/\/ladunedupilat.com\/es\/wp-json\/wp\/v2\/posts"}],"about":[{"href":"https:\/\/ladunedupilat.com\/es\/wp-json\/wp\/v2\/types\/post"}],"author":[{"embeddable":true,"href":"https:\/\/ladunedupilat.com\/es\/wp-json\/wp\/v2\/users\/8"}],"replies":[{"embeddable":true,"href":"https:\/\/ladunedupilat.com\/es\/wp-json\/wp\/v2\/comments?post=24917"}],"version-history":[{"count":1,"href":"https:\/\/ladunedupilat.com\/es\/wp-json\/wp\/v2\/posts\/24917\/revisions"}],"predecessor-version":[{"id":27219,"href":"https:\/\/ladunedupilat.com\/es\/wp-json\/wp\/v2\/posts\/24917\/revisions\/27219"}],"wp:featuredmedia":[{"embeddable":true,"href":"https:\/\/ladunedupilat.com\/es\/wp-json\/wp\/v2\/media\/24918"}],"wp:attachment":[{"href":"https:\/\/ladunedupilat.com\/es\/wp-json\/wp\/v2\/media?parent=24917"}],"wp:term":[{"taxonomy":"category","embeddable":true,"href":"https:\/\/ladunedupilat.com\/es\/wp-json\/wp\/v2\/categories?post=24917"},{"taxonomy":"post_tag","embeddable":true,"href":"https:\/\/ladunedupilat.com\/es\/wp-json\/wp\/v2\/tags?post=24917"}],"curies":[{"name":"gracias","href":"https:\/\/api.w.org\/{rel}","templated":true}]}}