{"id":25245,"date":"2023-08-04T11:45:02","date_gmt":"2023-08-04T09:45:02","guid":{"rendered":"https:\/\/ladunedupilat.com\/?p=25245"},"modified":"2025-08-01T15:43:46","modified_gmt":"2025-08-01T13:43:46","slug":"la-duna-de-pilat-durante-el-ano","status":"publish","type":"post","link":"https:\/\/ladunedupilat.com\/es\/la-dune-du-pilat-au-fil-de-lannee\/","title":{"rendered":"La Duna de Pilat durante todo el a\u00f1o"},"content":{"rendered":"<h2 class=\"wp-block-heading\">Novedades en el \u00e1rea de recepci\u00f3n del Grand Site de la Dune du Pilat<\/h2>\n\n\n\n<p>La nueva \u00e1rea de recepci\u00f3n se inaugur\u00f3 en junio de 2023. <strong>La caba\u00f1a de exposiciones<\/strong> es el primero que encuentras en el camino a la Duna. Puede sentarse all\u00ed por un rato y tomarse el tiempo para ver algunos cortometrajes educativos y po\u00e9ticos sobre la Duna, su formaci\u00f3n, su evoluci\u00f3n, sus guardianes y los desaf\u00edos que enfrenta.<\/p>\n\n\n\n<p>Combinando la inmersi\u00f3n con la contemplaci\u00f3n, la pel\u00edcula &quot;El Gran Sitio de la Duna del Pilat durante todo el a\u00f1o&quot; te hace descubrir de forma po\u00e9tica los paisajes de la duna y del bosque seg\u00fan las estaciones. <img loading=\"lazy\" decoding=\"async\" height=\"16\" width=\"16\" src=\"https:\/\/static.xx.fbcdn.net\/images\/emoji.php\/v9\/t77\/1.5\/16\/1f33f.png\" alt=\"\ud83c\udf3f\">.<\/p>\n\n\n\n<figure class=\"wp-block-embed is-type-video is-provider-youtube wp-block-embed-youtube wp-embed-aspect-16-9 wp-has-aspect-ratio\"><div class=\"wp-block-embed__wrapper\">\n<iframe loading=\"lazy\" title=\"La Duna de Pilat durante todo el a\u00f1o\" width=\"580\" height=\"326\" src=\"https:\/\/www.youtube.com\/embed\/MZAs4ovbujY?feature=oembed\" frameborder=\"0\" allow=\"accelerometer; autoplay; clipboard-write; encrypted-media; gyroscope; picture-in-picture; web-share\" referrerpolicy=\"strict-origin-when-cross-origin\" allowfullscreen><\/iframe>\n<\/div><figcaption class=\"wp-element-caption\">Cr\u00e9ditos: Sindicato Mixto de la Gran Duna de Pilat<br>Cr\u00e9ditos de video e imagen: @Midiprod<br>Producci\u00f3n audiovisual: @Opixido, Maxime Morin y Magalie Fargeas<\/figcaption><\/figure>","protected":false},"excerpt":{"rendered":"<p>Novedades en la zona de recepci\u00f3n del Grand Site de la Dune du Pilat Se inaugur\u00f3 la nueva zona de recepci\u00f3n\u2026<\/p>","protected":false},"author":8,"featured_media":24901,"comment_status":"open","ping_status":"open","sticky":false,"template":"","format":"standard","meta":{"_acf_changed":false,"_uag_custom_page_level_css":"","footnotes":""},"categories":[1,30],"tags":[],"class_list":["post-25245","post","type-post","status-publish","format-standard","has-post-thumbnail","hentry","category-actualites","category-environnement","tw-post-has-image-16-9","tw-meta-no-icon"],"acf":[],"uagb_featured_image_src":{"full":["https:\/\/ladunedupilat.com\/wp-content\/uploads\/2023\/05\/IMG_9605-scaled.jpg",2560,1707,false],"thumbnail":["https:\/\/ladunedupilat.com\/wp-content\/uploads\/2023\/05\/IMG_9605-150x150.jpg",150,150,true],"medium":["https:\/\/ladunedupilat.com\/wp-content\/uploads\/2023\/05\/IMG_9605-300x200.jpg",300,200,true],"medium_large":["https:\/\/ladunedupilat.com\/wp-content\/uploads\/2023\/05\/IMG_9605-768x512.jpg",580,387,true],"large":["https:\/\/ladunedupilat.com\/wp-content\/uploads\/2023\/05\/IMG_9605-1024x683.jpg",580,387,true],"1536x1536":["https:\/\/ladunedupilat.com\/wp-content\/uploads\/2023\/05\/IMG_9605-1536x1024.jpg",1536,1024,true],"2048x2048":["https:\/\/ladunedupilat.com\/wp-content\/uploads\/2023\/05\/IMG_9605-2048x1366.jpg",2048,1366,true],"trp-custom-language-flag":["https:\/\/ladunedupilat.com\/wp-content\/uploads\/2023\/05\/IMG_9605-18x12.jpg",18,12,true],"post-thumbnail":["https:\/\/ladunedupilat.com\/wp-content\/uploads\/2023\/05\/IMG_9605-1200x800.jpg",1200,800,true],"twentytwenty-fullscreen":["https:\/\/ladunedupilat.com\/wp-content\/uploads\/2023\/05\/IMG_9605-1980x1320.jpg",1980,1320,true]},"uagb_author_info":{"display_name":"communication@ladunedupilat.com","author_link":"https:\/\/ladunedupilat.com\/es\/author\/communicationladunedupilat-com\/"},"uagb_comment_info":0,"uagb_excerpt":"Les nouveaut\u00e9s de l&rsquo;espace d&rsquo;accueil du Grand Site de la Dune du Pilat Le nouvel espace d\u2019accueil a \u00e9t\u00e9 inaugur\u00e9&hellip;","_links":{"self":[{"href":"https:\/\/ladunedupilat.com\/es\/wp-json\/wp\/v2\/posts\/25245","targetHints":{"allow":["GET"]}}],"collection":[{"href":"https:\/\/ladunedupilat.com\/es\/wp-json\/wp\/v2\/posts"}],"about":[{"href":"https:\/\/ladunedupilat.com\/es\/wp-json\/wp\/v2\/types\/post"}],"author":[{"embeddable":true,"href":"https:\/\/ladunedupilat.com\/es\/wp-json\/wp\/v2\/users\/8"}],"replies":[{"embeddable":true,"href":"https:\/\/ladunedupilat.com\/es\/wp-json\/wp\/v2\/comments?post=25245"}],"version-history":[{"count":1,"href":"https:\/\/ladunedupilat.com\/es\/wp-json\/wp\/v2\/posts\/25245\/revisions"}],"predecessor-version":[{"id":27214,"href":"https:\/\/ladunedupilat.com\/es\/wp-json\/wp\/v2\/posts\/25245\/revisions\/27214"}],"wp:featuredmedia":[{"embeddable":true,"href":"https:\/\/ladunedupilat.com\/es\/wp-json\/wp\/v2\/media\/24901"}],"wp:attachment":[{"href":"https:\/\/ladunedupilat.com\/es\/wp-json\/wp\/v2\/media?parent=25245"}],"wp:term":[{"taxonomy":"category","embeddable":true,"href":"https:\/\/ladunedupilat.com\/es\/wp-json\/wp\/v2\/categories?post=25245"},{"taxonomy":"post_tag","embeddable":true,"href":"https:\/\/ladunedupilat.com\/es\/wp-json\/wp\/v2\/tags?post=25245"}],"curies":[{"name":"gracias","href":"https:\/\/api.w.org\/{rel}","templated":true}]}}