{"id":25731,"date":"2024-02-19T10:17:52","date_gmt":"2024-02-19T09:17:52","guid":{"rendered":"https:\/\/ladunedupilat.com\/?p=25731"},"modified":"2024-04-02T14:42:29","modified_gmt":"2024-04-02T12:42:29","slug":"agua-lexpo-en-el-dominio-de-ciertamente","status":"publish","type":"post","link":"https:\/\/ladunedupilat.com\/es\/eau-lexpo-au-domaine-de-certes\/","title":{"rendered":"EAU, la exposici\u00f3n en el Domaine de Cadeau"},"content":{"rendered":"<h2 class=\"wp-block-heading\"><strong>Agua, la exposici\u00f3n<\/strong><strong><\/strong><\/h2>\n\n\n\n<div class=\"wp-block-media-text is-stacked-on-mobile\"><figure class=\"wp-block-media-text__media\"><img loading=\"lazy\" decoding=\"async\" width=\"576\" height=\"1024\" src=\"https:\/\/ladunedupilat.com\/wp-content\/uploads\/2024\/02\/1080x1920-ExpoEau-DomaineDeCertes-17012024-576x1024.png\" alt=\"-\" class=\"wp-image-25733 size-full\" srcset=\"https:\/\/ladunedupilat.com\/wp-content\/uploads\/2024\/02\/1080x1920-ExpoEau-DomaineDeCertes-17012024-576x1024.png 576w, https:\/\/ladunedupilat.com\/wp-content\/uploads\/2024\/02\/1080x1920-ExpoEau-DomaineDeCertes-17012024-169x300.png 169w, https:\/\/ladunedupilat.com\/wp-content\/uploads\/2024\/02\/1080x1920-ExpoEau-DomaineDeCertes-17012024-768x1365.png 768w, https:\/\/ladunedupilat.com\/wp-content\/uploads\/2024\/02\/1080x1920-ExpoEau-DomaineDeCertes-17012024-864x1536.png 864w, https:\/\/ladunedupilat.com\/wp-content\/uploads\/2024\/02\/1080x1920-ExpoEau-DomaineDeCertes-17012024-7x12.png 7w, https:\/\/ladunedupilat.com\/wp-content\/uploads\/2024\/02\/1080x1920-ExpoEau-DomaineDeCertes-17012024.png 1080w\" sizes=\"auto, (max-width: 576px) 100vw, 576px\" \/><\/figure><div class=\"wp-block-media-text__content\">\n<p>Agua y vida. Agua y Hombre. Agua y sociedad. Omnipresente en nuestra vida cotidiana e esencial para la vida y su evoluci\u00f3n, el agua, esta mol\u00e9cula muy simple pero con innumerables propiedades, est\u00e1 en el centro de una exposici\u00f3n en el dominio de Cadeau et Graveyron en Audenge. <\/p>\n\n\n\n<p>En un terreno de aproximadamente 200m2, <em>Agua, la exposici\u00f3n<\/em> te brinda la oportunidad de seguir el viaje del agua: desde su llegada a la Tierra hasta la necesidad de preservarla para las generaciones venideras.<\/p>\n\n\n\n<p><br><strong>Hasta el 30 de junio de 2024. Salle Gilles B\u0153uf, Domaine de Tandi et Graveyron, Audenge. <\/strong><\/p>\n\n\n\n<p><strong>Todos los d\u00edas de 10 a 13 horas y de 14 a 17 horas (18 horas a partir de abril).<br>Entrada gratis.<\/strong><\/p>\n\n\n\n<p>M\u00e1s informaci\u00f3n <a href=\"https:\/\/www.gironde.fr\/idees-de-sorties\/exposition-sur-leau#:~:text=Du%20Samedi%203%20f%C3%A9vrier%202024,30%20juin%202024%20%C3%A0%2017h00&amp;text=Le%20Domaine%20de%20Certes%20et,2024%20au%2030%20juin%202024.\" rel=\"nofollow noopener\" target=\"_blank\">aqu\u00ed<\/a>. <\/p>\n<\/div><\/div>\n\n\n\n<figure class=\"wp-block-gallery has-nested-images columns-default is-cropped wp-block-gallery-1 is-layout-flex wp-block-gallery-is-layout-flex\">\n<figure class=\"wp-block-image size-large\"><img loading=\"lazy\" decoding=\"async\" width=\"1024\" height=\"769\" data-id=\"25735\" src=\"https:\/\/ladunedupilat.com\/wp-content\/uploads\/2024\/02\/module-2-1024x769.jpg\" alt=\"-\" class=\"wp-image-25735\" srcset=\"https:\/\/ladunedupilat.com\/wp-content\/uploads\/2024\/02\/module-2-1024x769.jpg 1024w, https:\/\/ladunedupilat.com\/wp-content\/uploads\/2024\/02\/module-2-300x225.jpg 300w, https:\/\/ladunedupilat.com\/wp-content\/uploads\/2024\/02\/module-2-768x577.jpg 768w, https:\/\/ladunedupilat.com\/wp-content\/uploads\/2024\/02\/module-2-1536x1153.jpg 1536w, https:\/\/ladunedupilat.com\/wp-content\/uploads\/2024\/02\/module-2-2048x1538.jpg 2048w, https:\/\/ladunedupilat.com\/wp-content\/uploads\/2024\/02\/module-2-16x12.jpg 16w, https:\/\/ladunedupilat.com\/wp-content\/uploads\/2024\/02\/module-2-1200x901.jpg 1200w, https:\/\/ladunedupilat.com\/wp-content\/uploads\/2024\/02\/module-2-1980x1487.jpg 1980w\" sizes=\"auto, (max-width: 1024px) 100vw, 1024px\" \/><figcaption class=\"wp-element-caption\">Cr\u00e9ditos de las fotograf\u00edas: Departamento de Gironda.<\/figcaption><\/figure>\n\n\n\n<figure class=\"wp-block-image size-large\"><img loading=\"lazy\" decoding=\"async\" width=\"1024\" height=\"769\" data-id=\"25734\" src=\"https:\/\/ladunedupilat.com\/wp-content\/uploads\/2024\/02\/module1-1024x769.jpg\" alt=\"-\" class=\"wp-image-25734\" srcset=\"https:\/\/ladunedupilat.com\/wp-content\/uploads\/2024\/02\/module1-1024x769.jpg 1024w, https:\/\/ladunedupilat.com\/wp-content\/uploads\/2024\/02\/module1-300x225.jpg 300w, https:\/\/ladunedupilat.com\/wp-content\/uploads\/2024\/02\/module1-768x577.jpg 768w, https:\/\/ladunedupilat.com\/wp-content\/uploads\/2024\/02\/module1-1536x1153.jpg 1536w, https:\/\/ladunedupilat.com\/wp-content\/uploads\/2024\/02\/module1-2048x1538.jpg 2048w, https:\/\/ladunedupilat.com\/wp-content\/uploads\/2024\/02\/module1-16x12.jpg 16w, https:\/\/ladunedupilat.com\/wp-content\/uploads\/2024\/02\/module1-1200x901.jpg 1200w, https:\/\/ladunedupilat.com\/wp-content\/uploads\/2024\/02\/module1-1980x1487.jpg 1980w\" sizes=\"auto, (max-width: 1024px) 100vw, 1024px\" \/><\/figure>\n\n\n\n<figure class=\"wp-block-image size-large\"><img loading=\"lazy\" decoding=\"async\" width=\"1024\" height=\"769\" data-id=\"25736\" src=\"https:\/\/ladunedupilat.com\/wp-content\/uploads\/2024\/02\/tortue-1024x769.jpg\" alt=\"-\" class=\"wp-image-25736\" srcset=\"https:\/\/ladunedupilat.com\/wp-content\/uploads\/2024\/02\/tortue-1024x769.jpg 1024w, https:\/\/ladunedupilat.com\/wp-content\/uploads\/2024\/02\/tortue-300x225.jpg 300w, https:\/\/ladunedupilat.com\/wp-content\/uploads\/2024\/02\/tortue-768x577.jpg 768w, https:\/\/ladunedupilat.com\/wp-content\/uploads\/2024\/02\/tortue-1536x1153.jpg 1536w, https:\/\/ladunedupilat.com\/wp-content\/uploads\/2024\/02\/tortue-2048x1538.jpg 2048w, https:\/\/ladunedupilat.com\/wp-content\/uploads\/2024\/02\/tortue-16x12.jpg 16w, https:\/\/ladunedupilat.com\/wp-content\/uploads\/2024\/02\/tortue-1200x901.jpg 1200w, https:\/\/ladunedupilat.com\/wp-content\/uploads\/2024\/02\/tortue-1980x1487.jpg 1980w\" sizes=\"auto, (max-width: 1024px) 100vw, 1024px\" \/><\/figure>\n<\/figure>","protected":false},"excerpt":{"rendered":"<p>Agua, la exposici\u00f3n Agua y Vida. Agua y Hombre. Agua y sociedad. Omnipresente en nuestra vida diaria y esencial para\u2026<\/p>","protected":false},"author":8,"featured_media":25737,"comment_status":"open","ping_status":"open","sticky":false,"template":"","format":"standard","meta":{"_acf_changed":false,"_uag_custom_page_level_css":"","footnotes":""},"categories":[1,28],"tags":[],"class_list":["post-25731","post","type-post","status-publish","format-standard","has-post-thumbnail","hentry","category-actualites","category-bon-plan","tw-post-has-image-16-9","tw-meta-no-icon"],"acf":[],"uagb_featured_image_src":{"full":["https:\/\/ladunedupilat.com\/wp-content\/uploads\/2024\/02\/module1-1-scaled.jpg",2560,1922,false],"thumbnail":["https:\/\/ladunedupilat.com\/wp-content\/uploads\/2024\/02\/module1-1-150x150.jpg",150,150,true],"medium":["https:\/\/ladunedupilat.com\/wp-content\/uploads\/2024\/02\/module1-1-300x225.jpg",300,225,true],"medium_large":["https:\/\/ladunedupilat.com\/wp-content\/uploads\/2024\/02\/module1-1-768x577.jpg",580,436,true],"large":["https:\/\/ladunedupilat.com\/wp-content\/uploads\/2024\/02\/module1-1-1024x769.jpg",580,436,true],"1536x1536":["https:\/\/ladunedupilat.com\/wp-content\/uploads\/2024\/02\/module1-1-1536x1153.jpg",1536,1153,true],"2048x2048":["https:\/\/ladunedupilat.com\/wp-content\/uploads\/2024\/02\/module1-1-2048x1538.jpg",2048,1538,true],"trp-custom-language-flag":["https:\/\/ladunedupilat.com\/wp-content\/uploads\/2024\/02\/module1-1-16x12.jpg",16,12,true],"post-thumbnail":["https:\/\/ladunedupilat.com\/wp-content\/uploads\/2024\/02\/module1-1-1200x901.jpg",1200,901,true],"twentytwenty-fullscreen":["https:\/\/ladunedupilat.com\/wp-content\/uploads\/2024\/02\/module1-1-1980x1487.jpg",1980,1487,true]},"uagb_author_info":{"display_name":"communication@ladunedupilat.com","author_link":"https:\/\/ladunedupilat.com\/es\/author\/communicationladunedupilat-com\/"},"uagb_comment_info":0,"uagb_excerpt":"Eau, l\u2019expo L\u2019eau et la vie. L\u2019eau et l\u2019Homme. L\u2019eau et la soci\u00e9t\u00e9. Omnipr\u00e9sente dans notre quotidien et essentielle \u00e0&hellip;","_links":{"self":[{"href":"https:\/\/ladunedupilat.com\/es\/wp-json\/wp\/v2\/posts\/25731","targetHints":{"allow":["GET"]}}],"collection":[{"href":"https:\/\/ladunedupilat.com\/es\/wp-json\/wp\/v2\/posts"}],"about":[{"href":"https:\/\/ladunedupilat.com\/es\/wp-json\/wp\/v2\/types\/post"}],"author":[{"embeddable":true,"href":"https:\/\/ladunedupilat.com\/es\/wp-json\/wp\/v2\/users\/8"}],"replies":[{"embeddable":true,"href":"https:\/\/ladunedupilat.com\/es\/wp-json\/wp\/v2\/comments?post=25731"}],"version-history":[{"count":1,"href":"https:\/\/ladunedupilat.com\/es\/wp-json\/wp\/v2\/posts\/25731\/revisions"}],"predecessor-version":[{"id":25738,"href":"https:\/\/ladunedupilat.com\/es\/wp-json\/wp\/v2\/posts\/25731\/revisions\/25738"}],"wp:featuredmedia":[{"embeddable":true,"href":"https:\/\/ladunedupilat.com\/es\/wp-json\/wp\/v2\/media\/25737"}],"wp:attachment":[{"href":"https:\/\/ladunedupilat.com\/es\/wp-json\/wp\/v2\/media?parent=25731"}],"wp:term":[{"taxonomy":"category","embeddable":true,"href":"https:\/\/ladunedupilat.com\/es\/wp-json\/wp\/v2\/categories?post=25731"},{"taxonomy":"post_tag","embeddable":true,"href":"https:\/\/ladunedupilat.com\/es\/wp-json\/wp\/v2\/tags?post=25731"}],"curies":[{"name":"gracias","href":"https:\/\/api.w.org\/{rel}","templated":true}]}}