{"id":4350,"date":"2022-06-17T12:26:59","date_gmt":"2022-06-17T10:26:59","guid":{"rendered":"https:\/\/ladunedupilat.com\/?p=4350"},"modified":"2022-09-12T11:14:06","modified_gmt":"2022-09-12T09:14:06","slug":"alerta-roja-ola-de-calor-y-alto-riesgo-incendio-forestal-vigilancia-roja","status":"publish","type":"post","link":"https:\/\/ladunedupilat.com\/es\/alerte-rouge-canicule-et-risque-eleve-feu-de-foret-vigilance-rouge\/","title":{"rendered":"Muy alto riesgo de incendio forestal y prohibici\u00f3n de acceso al macizo forestal"},"content":{"rendered":"\n<figure class=\"wp-block-image size-large\"><img loading=\"lazy\" decoding=\"async\" width=\"1024\" height=\"512\" src=\"https:\/\/ladunedupilat.com\/wp-content\/uploads\/2022\/08\/Vigilance-rouge-1024x512.jpg\" alt=\"-\" class=\"wp-image-4461\" srcset=\"https:\/\/ladunedupilat.com\/wp-content\/uploads\/2022\/08\/Vigilance-rouge-1024x512.jpg 1024w, https:\/\/ladunedupilat.com\/wp-content\/uploads\/2022\/08\/Vigilance-rouge-300x150.jpg 300w, https:\/\/ladunedupilat.com\/wp-content\/uploads\/2022\/08\/Vigilance-rouge-768x384.jpg 768w, https:\/\/ladunedupilat.com\/wp-content\/uploads\/2022\/08\/Vigilance-rouge-18x9.jpg 18w, https:\/\/ladunedupilat.com\/wp-content\/uploads\/2022\/08\/Vigilance-rouge.jpg 1200w\" sizes=\"auto, (max-width: 1024px) 100vw, 1024px\" \/><\/figure>\n\n\n\n<p><\/p>\n\n\n\n<p>Au vu des conditions m\u00e9t\u00e9orologiques et en concertation avec le service d\u00e9partemental d\u2019incendie et de secours (SDIS), m\u00e9t\u00e9o france et la f\u00e9d\u00e9ration girondine de d\u00e9fense des for\u00eats contre les incendies (DFCI),&nbsp;<strong>Fabienne BUCCIO pr\u00e9f\u00e8te de la Gironde, a d\u00e9cid\u00e9 de placer le d\u00e9partement de la Gironde en vigilance rouge (vigilance tr\u00e8s \u00e9lev\u00e9e \/ niveau 4 sur une \u00e9chelle de 5) pour le risque d\u2019incendies en for\u00eat \u00e0 compter du 1er&nbsp;ao\u00fbt 2022 et ce, jusqu\u2019\u00e0 nouvel ordre.<\/strong><\/p>\n\n\n\n<p>Les mesures de restriction sont renforc\u00e9es et sont d\u00e9taill\u00e9es <a href=\"https:\/\/www.gironde.gouv.fr\/Actualites\/Communique-de-presse2\/Passage-en-vigilance-rouge-pour-le-risque-de-feux-de-foret-en-Gironde2\" rel=\"nofollow noopener\" target=\"_blank\">ici<\/a>. <\/p>\n\n\n\n<p><\/p>\n\n\n\n<div class=\"wp-block-buttons is-layout-flex wp-block-buttons-is-layout-flex\">\n<div class=\"wp-block-button\"><a class=\"wp-block-button__link\" href=\"https:\/\/www.gironde.gouv.fr\/content\/download\/62328\/416179\/file\/2022-07-31-Vigilance%20rouge%20feux%20de%20for%C3%AAt%20en%20Gironde-1.pdf\" rel=\"nofollow noopener\" target=\"_blank\">T\u00e9l\u00e9charger le communiqu\u00e9 de presse<\/a><\/div>\n<\/div>\n\n\n\n<h3 class=\"wp-block-heading\"><strong>INTERDICTION D\u2019ACC\u00c8S AU MASSIF FORESTIER<\/strong><\/h3>\n\n\n\n<p><strong>Le Maire de La Teste de Buch Patrick Davet a pris un arr\u00eat\u00e9 interdisant l\u2019acc\u00e8s au massif forestier testerin.<\/strong><\/p>\n\n\n\n<p>\u00ab\u00a0Il est important que chacun prenne bien conscience qu\u2019il y a un r\u00e9el danger dans les massifs forestiers touch\u00e9s par l\u2019incendie&nbsp;:<strong>&nbsp;ce n\u2019est pas un lieu de curiosit\u00e9&nbsp;!<\/strong><\/p>\n\n\n\n<p>Si le feu est consid\u00e9r\u00e9 comme fix\u00e9, il n\u2019est pas encore \u00e9teint et il reste extr\u00eamement risqu\u00e9 de se d\u00e9placer dans ces zones \u00e0 cause notamment des risques de br\u00fblure, d\u2019effondrement de terrain&nbsp;<strong>ou de chute d\u2019arbres fragilis\u00e9s par l\u2019incendie\u2026<\/strong><\/p>\n\n\n\n<p>Ainsi nous vous invitons toutes et tous, locaux comme visiteurs, \u00e0 \u00eatre responsable et \u00e0 respecter l\u2019interdiction d\u2019acc\u00e8s \u00e0 ces zones.<\/p>\n\n\n\n<p><strong>Merci de votre compr\u00e9hension<\/strong> \u00ab\u00a0<\/p>\n\n\n\n<div class=\"wp-block-buttons is-layout-flex wp-block-buttons-is-layout-flex\">\n<div class=\"wp-block-button\"><a class=\"wp-block-button__link\" href=\"https:\/\/actes.latestedebuch.fr\/uploads\/ARR2022_498.pdf\" rel=\"nofollow noopener\" target=\"_blank\">Consulter l&rsquo;arr\u00eat\u00e9 municipal<\/a><\/div>\n<\/div>\n\n\n\n<p><\/p>\n\n\n\n<p>La Dune est un espace naturel sauvage. Une fois sur la cr\u00eate, vous ne trouverez ni ombre, ni point d\u2019eau ou de restauration. Evitez de gravir la Dune aux heures les plus chaudes, le sable est tr\u00e8s br\u00fblant !<\/p>\n\n\n\n<p>Face aux fortes chaleurs, il est important de suivre les conseils de pr\u00e9vention et d&rsquo;adopter les <a href=\"https:\/\/www.facebook.com\/hashtag\/bonsr%C3%A9flexes?__eep__=6&amp;__cft__[0]=AZWEWhjxy6a-PsvLzz_r_vqy7NyqoMCkFJQ9ABnO6jQzxZYdyZrhL9uqCiYg-Ro5CT_xLYCps5-Hf0_RFy6MNoXSIsZtFPp00QwGFUBegHOqoYpnNn1R8EBVMXNwOERNaT5qif2pPGAtohBGdtbxamwL2_KM_fElYAFOqbl9v_p1qTcPx0uM-aBbxPzQTAos00HPFWM6dAt8QfkNe_gZcT6w&amp;__tn__=*NK-R\" rel=\"nofollow noopener\" target=\"_blank\">#bonsr\u00e9flexes<\/a> :<\/p>\n\n\n<div class=\"wp-block-image\">\n<figure class=\"aligncenter size-full\"><img loading=\"lazy\" decoding=\"async\" width=\"575\" height=\"680\" src=\"https:\/\/ladunedupilat.com\/wp-content\/uploads\/2022\/06\/ALERTE-CANICULE-1.jpg\" alt=\"-\" class=\"wp-image-4345\" srcset=\"https:\/\/ladunedupilat.com\/wp-content\/uploads\/2022\/06\/ALERTE-CANICULE-1.jpg 575w, https:\/\/ladunedupilat.com\/wp-content\/uploads\/2022\/06\/ALERTE-CANICULE-1-254x300.jpg 254w, https:\/\/ladunedupilat.com\/wp-content\/uploads\/2022\/06\/ALERTE-CANICULE-1-10x12.jpg 10w\" sizes=\"auto, (max-width: 575px) 100vw, 575px\" \/><\/figure>\n<\/div>\n\n\n<p><\/p>\n\n\n\n<p class=\"has-text-align-center\">Il est essentiel de se prot\u00e9ger et d&rsquo;\u00eatre attentif aux personnes les plus vuln\u00e9rables.<\/p>\n\n\n\n<div class=\"wp-block-columns is-layout-flex wp-container-core-columns-is-layout-d0b3c9c8 wp-block-columns-is-layout-flex\">\n<div class=\"wp-block-column is-layout-flow wp-block-column-is-layout-flow\" style=\"--col-width:100%;flex-basis:100%\"><\/div>\n<\/div>\n\n\n\n<p><\/p>\n","protected":false},"excerpt":{"rendered":"<p>En vista de las condiciones clim\u00e1ticas y en consulta con el servicio departamental de bomberos y rescate (SDIS), meteo france y\u2026<\/p>","protected":false},"author":8,"featured_media":4433,"comment_status":"open","ping_status":"open","sticky":false,"template":"","format":"standard","meta":{"_acf_changed":false,"_uag_custom_page_level_css":"","footnotes":""},"categories":[1,30],"tags":[],"class_list":["post-4350","post","type-post","status-publish","format-standard","has-post-thumbnail","hentry","category-actualites","category-environnement","tw-post-has-image-16-9","tw-meta-no-icon"],"acf":[],"uagb_featured_image_src":{"full":["https:\/\/ladunedupilat.com\/wp-content\/uploads\/2022\/07\/IMG_5340-scaled.jpg",2560,1707,false],"thumbnail":["https:\/\/ladunedupilat.com\/wp-content\/uploads\/2022\/07\/IMG_5340-150x150.jpg",150,150,true],"medium":["https:\/\/ladunedupilat.com\/wp-content\/uploads\/2022\/07\/IMG_5340-300x200.jpg",300,200,true],"medium_large":["https:\/\/ladunedupilat.com\/wp-content\/uploads\/2022\/07\/IMG_5340-768x512.jpg",580,387,true],"large":["https:\/\/ladunedupilat.com\/wp-content\/uploads\/2022\/07\/IMG_5340-1024x683.jpg",580,387,true],"1536x1536":["https:\/\/ladunedupilat.com\/wp-content\/uploads\/2022\/07\/IMG_5340-1536x1024.jpg",1536,1024,true],"2048x2048":["https:\/\/ladunedupilat.com\/wp-content\/uploads\/2022\/07\/IMG_5340-2048x1365.jpg",2048,1365,true],"trp-custom-language-flag":["https:\/\/ladunedupilat.com\/wp-content\/uploads\/2022\/07\/IMG_5340-18x12.jpg",18,12,true],"post-thumbnail":["https:\/\/ladunedupilat.com\/wp-content\/uploads\/2022\/07\/IMG_5340-1200x800.jpg",1200,800,true],"twentytwenty-fullscreen":["https:\/\/ladunedupilat.com\/wp-content\/uploads\/2022\/07\/IMG_5340-1980x1320.jpg",1980,1320,true]},"uagb_author_info":{"display_name":"communication@ladunedupilat.com","author_link":"https:\/\/ladunedupilat.com\/es\/author\/communicationladunedupilat-com\/"},"uagb_comment_info":0,"uagb_excerpt":"Au vu des conditions m\u00e9t\u00e9orologiques et en concertation avec le service d\u00e9partemental d\u2019incendie et de secours (SDIS), m\u00e9t\u00e9o france et&hellip;","_links":{"self":[{"href":"https:\/\/ladunedupilat.com\/es\/wp-json\/wp\/v2\/posts\/4350","targetHints":{"allow":["GET"]}}],"collection":[{"href":"https:\/\/ladunedupilat.com\/es\/wp-json\/wp\/v2\/posts"}],"about":[{"href":"https:\/\/ladunedupilat.com\/es\/wp-json\/wp\/v2\/types\/post"}],"author":[{"embeddable":true,"href":"https:\/\/ladunedupilat.com\/es\/wp-json\/wp\/v2\/users\/8"}],"replies":[{"embeddable":true,"href":"https:\/\/ladunedupilat.com\/es\/wp-json\/wp\/v2\/comments?post=4350"}],"version-history":[{"count":0,"href":"https:\/\/ladunedupilat.com\/es\/wp-json\/wp\/v2\/posts\/4350\/revisions"}],"wp:featuredmedia":[{"embeddable":true,"href":"https:\/\/ladunedupilat.com\/es\/wp-json\/wp\/v2\/media\/4433"}],"wp:attachment":[{"href":"https:\/\/ladunedupilat.com\/es\/wp-json\/wp\/v2\/media?parent=4350"}],"wp:term":[{"taxonomy":"category","embeddable":true,"href":"https:\/\/ladunedupilat.com\/es\/wp-json\/wp\/v2\/categories?post=4350"},{"taxonomy":"post_tag","embeddable":true,"href":"https:\/\/ladunedupilat.com\/es\/wp-json\/wp\/v2\/tags?post=4350"}],"curies":[{"name":"gracias","href":"https:\/\/api.w.org\/{rel}","templated":true}]}}