{"id":4431,"date":"2022-07-25T15:45:10","date_gmt":"2022-07-25T13:45:10","guid":{"rendered":"https:\/\/ladunedupilat.com\/?p=4431"},"modified":"2022-07-29T09:59:10","modified_gmt":"2022-07-29T07:59:10","slug":"la-teste-de-buch-a-parking-relay-and-shuttle-to-reach-the-dune-du-pilat-during-lete-2","status":"publish","type":"post","link":"https:\/\/ladunedupilat.com\/es\/incendie-le-reseau-des-grands-sites-de-france-exprime-sa-solidarite\/","title":{"rendered":"Fuego: la Red de Grandes Sitios de Francia expresa su solidaridad"},"content":{"rendered":"<p><\/p>\n\n\n\n<p>En su cumbre, la Duna de Pilat ofrece un panorama excepcional en un tr\u00edptico \u00fanico a escala nacional: bosque, duna y oc\u00e9ano. Es uno de los paisajes m\u00e1s extraordinarios de nuestro pa\u00eds el que acaba de verse afectado por el fuego. <strong>Al da\u00f1ar el bosque, elemento emblem\u00e1tico esencial a la belleza del sitio y al esp\u00edritu del lugar, el fuego ha da\u00f1ado el patrimonio natural nacional.<\/strong> Este bosque milenario se ha desarrollado paulatinamente de forma natural sobre antiguas dunas. Su fuerte valor hist\u00f3rico y ecol\u00f3gico est\u00e1 hoy impactado, la biodiversidad sacudida, el paisaje da\u00f1ado.<\/p>\n\n\n\n<blockquote class=\"wp-block-quote is-layout-flow wp-block-quote-is-layout-flow\"><p><strong>La Red de los Grandes Sitios de Francia desea expresar su mayor solidaridad con el administrador de la Duna del Pilat, un sitio de valor excepcional, con los funcionarios electos y los habitantes del territorio en esta dura prueba. <\/strong><\/p><cite>Louis Villaret Presidente de la Red de Grandes Sitios de Francia.<\/cite><\/blockquote>\n\n\n\n<div class=\"wp-block-buttons is-layout-flex wp-block-buttons-is-layout-flex\">\n<div class=\"wp-block-button\"><a class=\"wp-block-button__link\" href=\"https:\/\/ladunedupilat.com\/wp-content\/uploads\/2022\/07\/cp-2022-07-Dune-du-Pilat.pdf\">Descargue el comunicado de prensa de la Red de Grandes Sitios de Francia<\/a><\/div>\n<\/div>\n\n\n\n<figure class=\"wp-block-image size-large\"><img loading=\"lazy\" decoding=\"async\" width=\"1024\" height=\"683\" src=\"https:\/\/ladunedupilat.com\/wp-content\/uploads\/2021\/09\/IMG_5966-1024x683.jpg\" alt=\"Salida del sol\" class=\"wp-image-3658\" srcset=\"https:\/\/ladunedupilat.com\/wp-content\/uploads\/2021\/09\/IMG_5966-1024x683.jpg 1024w, https:\/\/ladunedupilat.com\/wp-content\/uploads\/2021\/09\/IMG_5966-300x200.jpg 300w, https:\/\/ladunedupilat.com\/wp-content\/uploads\/2021\/09\/IMG_5966-768x512.jpg 768w, https:\/\/ladunedupilat.com\/wp-content\/uploads\/2021\/09\/IMG_5966-1536x1024.jpg 1536w, https:\/\/ladunedupilat.com\/wp-content\/uploads\/2021\/09\/IMG_5966-2048x1365.jpg 2048w, https:\/\/ladunedupilat.com\/wp-content\/uploads\/2021\/09\/IMG_5966-18x12.jpg 18w, https:\/\/ladunedupilat.com\/wp-content\/uploads\/2021\/09\/IMG_5966-1200x800.jpg 1200w, https:\/\/ladunedupilat.com\/wp-content\/uploads\/2021\/09\/IMG_5966-1980x1320.jpg 1980w\" sizes=\"auto, (max-width: 1024px) 100vw, 1024px\" \/><figcaption>Amanecer en la Dune du Pilat, frente al bosque<\/figcaption><\/figure>\n\n\n\n<p><\/p>\n\n\n\n<p>S\u00edmbolos de la riqueza del patrimonio natural del Bassin d&#039;Arcachon, el<strong>a Dune du Pilat y su bosque milenario son paisajes protegidos en virtud de la ley de 2 de mayo de 1930 sobre monumentos y sitios naturales<\/strong>. El Syndicat Mixte de la Grande Dune du Pilat gestiona las propiedades del Conservatoire du littoral repartidas en todo el Grand Site (506 hect\u00e1reas) y el \u00e1rea de recepci\u00f3n que permite el acceso a la Duna. Trabaja d\u00eda a d\u00eda para preservar estos fr\u00e1giles entornos, para asegurar su puesta en valor y su visita en las mejores condiciones posibles.<\/p>\n\n\n\n<p>El Syndicat Mixte est\u00e1 comprometido con un proceso de etiquetado Grand Site de France que tiene como objetivo conciliar la preservaci\u00f3n de los valores patrimoniales, el entorno de vida de los habitantes y el desarrollo local sostenible.<\/p>\n\n\n\n<figure class=\"wp-block-image size-large\"><img loading=\"lazy\" decoding=\"async\" width=\"1024\" height=\"683\" src=\"https:\/\/ladunedupilat.com\/wp-content\/uploads\/2022\/07\/IMG_5340-1024x683.jpg\" alt=\"-\" class=\"wp-image-4433\" srcset=\"https:\/\/ladunedupilat.com\/wp-content\/uploads\/2022\/07\/IMG_5340-1024x683.jpg 1024w, https:\/\/ladunedupilat.com\/wp-content\/uploads\/2022\/07\/IMG_5340-300x200.jpg 300w, https:\/\/ladunedupilat.com\/wp-content\/uploads\/2022\/07\/IMG_5340-768x512.jpg 768w, https:\/\/ladunedupilat.com\/wp-content\/uploads\/2022\/07\/IMG_5340-1536x1024.jpg 1536w, https:\/\/ladunedupilat.com\/wp-content\/uploads\/2022\/07\/IMG_5340-2048x1365.jpg 2048w, https:\/\/ladunedupilat.com\/wp-content\/uploads\/2022\/07\/IMG_5340-18x12.jpg 18w, https:\/\/ladunedupilat.com\/wp-content\/uploads\/2022\/07\/IMG_5340-1200x800.jpg 1200w, https:\/\/ladunedupilat.com\/wp-content\/uploads\/2022\/07\/IMG_5340-1980x1320.jpg 1980w\" sizes=\"auto, (max-width: 1024px) 100vw, 1024px\" \/><\/figure>\n\n\n\n<p class=\"has-text-align-center\"><em>Queda prohibido todo acceso a la duna (incluso por mar) por las autoridades, hasta nuevo aviso.<\/em><\/p>","protected":false},"excerpt":{"rendered":"<p>Desde el s\u00e1bado 3 de julio hasta finales de agosto, la Municipalidad de La Teste de Buch en asociaci\u00f3n con COBAS, ofrece un parque y paseo y un servicio de transporte para llegar al Gran Sitio de la Duna de Pilat.<\/p>","protected":false},"author":8,"featured_media":4433,"comment_status":"closed","ping_status":"open","sticky":false,"template":"","format":"standard","meta":{"_acf_changed":false,"_uag_custom_page_level_css":"","footnotes":""},"categories":[1,30],"tags":[],"class_list":["post-4431","post","type-post","status-publish","format-standard","has-post-thumbnail","hentry","category-actualites","category-environnement","tw-post-has-image-16-9","tw-meta-no-icon"],"acf":[],"uagb_featured_image_src":{"full":["https:\/\/ladunedupilat.com\/wp-content\/uploads\/2022\/07\/IMG_5340-scaled.jpg",2560,1707,false],"thumbnail":["https:\/\/ladunedupilat.com\/wp-content\/uploads\/2022\/07\/IMG_5340-150x150.jpg",150,150,true],"medium":["https:\/\/ladunedupilat.com\/wp-content\/uploads\/2022\/07\/IMG_5340-300x200.jpg",300,200,true],"medium_large":["https:\/\/ladunedupilat.com\/wp-content\/uploads\/2022\/07\/IMG_5340-768x512.jpg",580,387,true],"large":["https:\/\/ladunedupilat.com\/wp-content\/uploads\/2022\/07\/IMG_5340-1024x683.jpg",580,387,true],"1536x1536":["https:\/\/ladunedupilat.com\/wp-content\/uploads\/2022\/07\/IMG_5340-1536x1024.jpg",1536,1024,true],"2048x2048":["https:\/\/ladunedupilat.com\/wp-content\/uploads\/2022\/07\/IMG_5340-2048x1365.jpg",2048,1365,true],"trp-custom-language-flag":["https:\/\/ladunedupilat.com\/wp-content\/uploads\/2022\/07\/IMG_5340-18x12.jpg",18,12,true],"post-thumbnail":["https:\/\/ladunedupilat.com\/wp-content\/uploads\/2022\/07\/IMG_5340-1200x800.jpg",1200,800,true],"twentytwenty-fullscreen":["https:\/\/ladunedupilat.com\/wp-content\/uploads\/2022\/07\/IMG_5340-1980x1320.jpg",1980,1320,true]},"uagb_author_info":{"display_name":"communication@ladunedupilat.com","author_link":"https:\/\/ladunedupilat.com\/es\/author\/communicationladunedupilat-com\/"},"uagb_comment_info":0,"uagb_excerpt":"Depuis le samedi 3 juillet et jusqu\u2019\u00e0 la fin du mois d\u2019ao\u00fbt, la Commune de La Teste de Buch en partenariat avec la COBAS, propose un parking relais ainsi qu\u2019une navette pour rejoindre le Grand Site de la Dune du Pilat.","_links":{"self":[{"href":"https:\/\/ladunedupilat.com\/es\/wp-json\/wp\/v2\/posts\/4431","targetHints":{"allow":["GET"]}}],"collection":[{"href":"https:\/\/ladunedupilat.com\/es\/wp-json\/wp\/v2\/posts"}],"about":[{"href":"https:\/\/ladunedupilat.com\/es\/wp-json\/wp\/v2\/types\/post"}],"author":[{"embeddable":true,"href":"https:\/\/ladunedupilat.com\/es\/wp-json\/wp\/v2\/users\/8"}],"replies":[{"embeddable":true,"href":"https:\/\/ladunedupilat.com\/es\/wp-json\/wp\/v2\/comments?post=4431"}],"version-history":[{"count":0,"href":"https:\/\/ladunedupilat.com\/es\/wp-json\/wp\/v2\/posts\/4431\/revisions"}],"wp:featuredmedia":[{"embeddable":true,"href":"https:\/\/ladunedupilat.com\/es\/wp-json\/wp\/v2\/media\/4433"}],"wp:attachment":[{"href":"https:\/\/ladunedupilat.com\/es\/wp-json\/wp\/v2\/media?parent=4431"}],"wp:term":[{"taxonomy":"category","embeddable":true,"href":"https:\/\/ladunedupilat.com\/es\/wp-json\/wp\/v2\/categories?post=4431"},{"taxonomy":"post_tag","embeddable":true,"href":"https:\/\/ladunedupilat.com\/es\/wp-json\/wp\/v2\/tags?post=4431"}],"curies":[{"name":"gracias","href":"https:\/\/api.w.org\/{rel}","templated":true}]}}