{"id":4709,"date":"2022-10-31T13:23:17","date_gmt":"2022-10-31T12:23:17","guid":{"rendered":"https:\/\/ladunedupilat.com\/?p=4709"},"modified":"2025-08-01T15:52:44","modified_gmt":"2025-08-01T13:52:44","slug":"5-preguntas-sobre-la-evolucion-natural-de-la-duna-du-pilat","status":"publish","type":"post","link":"https:\/\/ladunedupilat.com\/es\/5-questions-sur-levolution-naturelle-de-la-dune-du-pilat\/","title":{"rendered":"5 preguntas sobre\u2026 la evoluci\u00f3n natural de la duna de Pilat"},"content":{"rendered":"<h3 class=\"has-text-align-center wp-block-heading\">Mientras el Observatorio de la C\u00f4te Nouvelle-Aquitaine acaba de publicar los resultados de su seguimiento anual de la duna de Pilat, echemos un vistazo a la evoluci\u00f3n natural de este excepcional monumento natural en cinco preguntas.<\/h3>\n\n\n<div class=\"wp-block-image\">\n<figure class=\"aligncenter size-large is-resized\"><img loading=\"lazy\" decoding=\"async\" src=\"https:\/\/ladunedupilat.com\/wp-content\/uploads\/2022\/10\/IMG_1489-edited-scaled.jpg\" alt=\"-\" class=\"wp-image-4720\" width=\"693\" height=\"390\" srcset=\"https:\/\/ladunedupilat.com\/wp-content\/uploads\/2022\/10\/IMG_1489-edited-scaled.jpg 2560w, https:\/\/ladunedupilat.com\/wp-content\/uploads\/2022\/10\/IMG_1489-edited-300x169.jpg 300w, https:\/\/ladunedupilat.com\/wp-content\/uploads\/2022\/10\/IMG_1489-edited-1024x576.jpg 1024w, https:\/\/ladunedupilat.com\/wp-content\/uploads\/2022\/10\/IMG_1489-edited-768x432.jpg 768w, https:\/\/ladunedupilat.com\/wp-content\/uploads\/2022\/10\/IMG_1489-edited-1536x864.jpg 1536w, https:\/\/ladunedupilat.com\/wp-content\/uploads\/2022\/10\/IMG_1489-edited-2048x1152.jpg 2048w, https:\/\/ladunedupilat.com\/wp-content\/uploads\/2022\/10\/IMG_1489-edited-18x10.jpg 18w, https:\/\/ladunedupilat.com\/wp-content\/uploads\/2022\/10\/IMG_1489-edited-1200x675.jpg 1200w, https:\/\/ladunedupilat.com\/wp-content\/uploads\/2022\/10\/IMG_1489-edited-1980x1113.jpg 1980w\" sizes=\"auto, (max-width: 693px) 100vw, 693px\" \/><\/figure>\n<\/div>\n\n\n<h4 class=\"wp-block-heading\">\u00bfLa Duna de Pilat es realmente m\u00e1s peque\u00f1a este a\u00f1o?<\/h4>\n\n\n\n<p>L&#039;<a href=\"http:\/\/www.observatoire-cote-aquitaine.fr\/\" target=\"_blank\" rel=\"noreferrer noopener nofollow\">Observatorio de la Nueva Costa de Aquitania<\/a> (OCNA) as\u00ed lo indic\u00f3 en su <a href=\"http:\/\/www.observatoire-cote-aquitaine.fr\/La-Dune-du-Pilat-culmine-a-102-4-metres-soit-1-8-metre-de-moins-que-la-hauteur\" target=\"_blank\" rel=\"noreferrer noopener nofollow\">comunicado <\/a>al 18 de octubre: la duna del Pilat culmina a 102,4 m, es decir, 1,8 m menos que la altura registrada en 2021. Esto la convierte en la altitud m\u00e1s baja medida desde que comenz\u00f3 el seguimiento en 2009. Sin embargo, esto no significa que la duna sea m\u00e1s peque\u00f1a \u00a1como un todo! De hecho, esta medida se refiere a la cumbre, ubicada en la parte central del sitio. Sin embargo, esta cresta es especialmente m\u00f3vil y se mueve con los vientos, sin que ello prediga la amplitud del avance de la duna hacia el macizo forestal. Por lo tanto, esta altitud m\u00e1xima puede variar de un d\u00eda a otro, dependiendo de las condiciones clim\u00e1ticas.<\/p>\n\n\n\n<h4 class=\"wp-block-heading\">\u00bfC\u00f3mo medimos la duna?<\/h4>\n\n\n\n<p>Una formaci\u00f3n geol\u00f3gica excepcional, la Dune du Pilat es monitoreada de cerca por los cient\u00edficos de OCNA. Cada a\u00f1o, tres de ellos recorren toda la duna: \u00a1el equivalente a 7 veces la ascensi\u00f3n en un d\u00eda! Utilizan una herramienta de geolocalizaci\u00f3n por sat\u00e9lite para realizar un seguimiento topogr\u00e1fico del yacimiento, seguimiento que permitir\u00e1 conocer la evoluci\u00f3n de la duna, y en particular los procesos de erosi\u00f3n, y determinar sus medidas. <\/p>\n\n\n\n<h4 class=\"wp-block-heading\">\u00bfLa duna es m\u00f3vil?<\/h4>\n\n\n\n<p>\u00a1Incluso podemos decir que no se queda en su lugar! Incansablemente, la arena acumulada a sus pies es empujada por el viento por toda la cara oeste hasta la cumbre. Bajo el efecto de su propio peso, luego se inclina en la ladera este, hacia el bosque. As\u00ed, la duna gana terreno al macizo forestal, sepultando los \u00e1rboles a raz\u00f3n de 1 a 5 metros por a\u00f1o.<\/p>\n\n\n\n<h4 class=\"wp-block-heading\">\u00bfQu\u00e9 pasa con la erosi\u00f3n del lado occidental de la duna?<\/h4>\n\n\n\n<p>Si los agentes de NACO est\u00e1n interesados en el l\u00edmite dunar-bosque, tambi\u00e9n vigilan la evoluci\u00f3n de la l\u00ednea de costa, es decir, el l\u00edmite de los mares m\u00e1s altos en la costa oeste. La costa norte de la duna sufre una erosi\u00f3n cr\u00f3nica, con un declive medio de la punta de la duna de 4 metros por a\u00f1o. Este fen\u00f3meno se acent\u00faa con las tormentas invernales. Las partes central y sur son bastante estables, la erosi\u00f3n es baja o casi nula.<\/p>\n\n\n\n<h4 class=\"wp-block-heading\">\u00bfQu\u00e9 evoluci\u00f3n esperar tras los incendios?<\/h4>\n\n\n\n<p>Durante el verano de 2022, la localidad de La Teste-de-Buch experiment\u00f3 un violento incendio que afect\u00f3 a m\u00e1s de 6.000 hect\u00e1reas de bosque. Seg\u00fan los hallazgos iniciales, parece que muy poca vegetaci\u00f3n en la zona de dunas no boscosas se vio afectada por las llamas. Por otro lado, se quemaron todas las \u00e1reas boscosas ubicadas detr\u00e1s de la duna. Parece improbable, en el estado actual de los conocimientos, que las consecuencias del incendio sobre el macizo forestal modifiquen el movimiento natural de la duna. Sin embargo, el seguimiento cient\u00edfico futuro ser\u00e1 determinante para conocer la evoluci\u00f3n del medio ambiente tras este evento y ver si se est\u00e1 produciendo una din\u00e1mica diferente.<\/p>","protected":false},"excerpt":{"rendered":"<p>Mientras que el Observatorio de la C\u00f4te Nouvelle-Aquitaine acaba de publicar los resultados de su seguimiento anual de la duna de\u2026<\/p>","protected":false},"author":8,"featured_media":4720,"comment_status":"open","ping_status":"open","sticky":false,"template":"","format":"standard","meta":{"_acf_changed":false,"_uag_custom_page_level_css":"","footnotes":""},"categories":[1,30,32],"tags":[],"class_list":["post-4709","post","type-post","status-publish","format-standard","has-post-thumbnail","hentry","category-actualites","category-environnement","category-le-saviez-vous","tw-post-has-image-16-9","tw-meta-no-icon"],"acf":[],"uagb_featured_image_src":{"full":["https:\/\/ladunedupilat.com\/wp-content\/uploads\/2022\/10\/IMG_1489-edited-scaled.jpg",2560,1440,false],"thumbnail":["https:\/\/ladunedupilat.com\/wp-content\/uploads\/2022\/10\/IMG_1489-edited-150x150.jpg",150,150,true],"medium":["https:\/\/ladunedupilat.com\/wp-content\/uploads\/2022\/10\/IMG_1489-edited-300x169.jpg",300,169,true],"medium_large":["https:\/\/ladunedupilat.com\/wp-content\/uploads\/2022\/10\/IMG_1489-edited-768x432.jpg",580,326,true],"large":["https:\/\/ladunedupilat.com\/wp-content\/uploads\/2022\/10\/IMG_1489-edited-1024x576.jpg",580,326,true],"1536x1536":["https:\/\/ladunedupilat.com\/wp-content\/uploads\/2022\/10\/IMG_1489-edited-1536x864.jpg",1536,864,true],"2048x2048":["https:\/\/ladunedupilat.com\/wp-content\/uploads\/2022\/10\/IMG_1489-edited-2048x1152.jpg",2048,1152,true],"trp-custom-language-flag":["https:\/\/ladunedupilat.com\/wp-content\/uploads\/2022\/10\/IMG_1489-edited-18x10.jpg",18,10,true],"post-thumbnail":["https:\/\/ladunedupilat.com\/wp-content\/uploads\/2022\/10\/IMG_1489-edited-1200x675.jpg",1200,675,true],"twentytwenty-fullscreen":["https:\/\/ladunedupilat.com\/wp-content\/uploads\/2022\/10\/IMG_1489-edited-1980x1113.jpg",1980,1113,true]},"uagb_author_info":{"display_name":"communication@ladunedupilat.com","author_link":"https:\/\/ladunedupilat.com\/es\/author\/communicationladunedupilat-com\/"},"uagb_comment_info":0,"uagb_excerpt":"Alors que l\u2019Observatoire de la C\u00f4te Nouvelle-Aquitaine vient de publier les r\u00e9sultats de son suivi annuel de la dune du&hellip;","_links":{"self":[{"href":"https:\/\/ladunedupilat.com\/es\/wp-json\/wp\/v2\/posts\/4709","targetHints":{"allow":["GET"]}}],"collection":[{"href":"https:\/\/ladunedupilat.com\/es\/wp-json\/wp\/v2\/posts"}],"about":[{"href":"https:\/\/ladunedupilat.com\/es\/wp-json\/wp\/v2\/types\/post"}],"author":[{"embeddable":true,"href":"https:\/\/ladunedupilat.com\/es\/wp-json\/wp\/v2\/users\/8"}],"replies":[{"embeddable":true,"href":"https:\/\/ladunedupilat.com\/es\/wp-json\/wp\/v2\/comments?post=4709"}],"version-history":[{"count":1,"href":"https:\/\/ladunedupilat.com\/es\/wp-json\/wp\/v2\/posts\/4709\/revisions"}],"predecessor-version":[{"id":27229,"href":"https:\/\/ladunedupilat.com\/es\/wp-json\/wp\/v2\/posts\/4709\/revisions\/27229"}],"wp:featuredmedia":[{"embeddable":true,"href":"https:\/\/ladunedupilat.com\/es\/wp-json\/wp\/v2\/media\/4720"}],"wp:attachment":[{"href":"https:\/\/ladunedupilat.com\/es\/wp-json\/wp\/v2\/media?parent=4709"}],"wp:term":[{"taxonomy":"category","embeddable":true,"href":"https:\/\/ladunedupilat.com\/es\/wp-json\/wp\/v2\/categories?post=4709"},{"taxonomy":"post_tag","embeddable":true,"href":"https:\/\/ladunedupilat.com\/es\/wp-json\/wp\/v2\/tags?post=4709"}],"curies":[{"name":"gracias","href":"https:\/\/api.w.org\/{rel}","templated":true}]}}