{"id":9227,"date":"2022-11-17T12:54:44","date_gmt":"2022-11-17T11:54:44","guid":{"rendered":"https:\/\/ladunedupilat.com\/?p=9227"},"modified":"2025-08-01T15:54:08","modified_gmt":"2025-08-01T13:54:08","slug":"noticias-de-otono","status":"publish","type":"post","link":"https:\/\/ladunedupilat.com\/es\/les-actualites-dautomne\/","title":{"rendered":"noticias de invierno"},"content":{"rendered":"<p><\/p>\n\n\n\n<h3 class=\"has-text-align-center wp-block-heading\">Obras en curso, desarrollos futuros, recepci\u00f3n de visitantes y normativa: <\/h3>\n\n\n\n<h3 class=\"has-text-align-center wp-block-heading\">\u00a1Encuentre aqu\u00ed las \u00faltimas noticias sobre el Gran Sitio de la Duna de Pilat!<\/h3>\n\n\n<div class=\"wp-block-image\">\n<figure class=\"aligncenter size-large is-resized\"><img loading=\"lazy\" decoding=\"async\" src=\"https:\/\/ladunedupilat.com\/wp-content\/uploads\/2023\/02\/329005961_1259339111661628_8985114609403647121_n-1024x1024.jpg\" alt=\"pueblo de caba\u00f1as\" class=\"wp-image-21683\" width=\"520\" height=\"520\" srcset=\"https:\/\/ladunedupilat.com\/wp-content\/uploads\/2023\/02\/329005961_1259339111661628_8985114609403647121_n-1024x1024.jpg 1024w, https:\/\/ladunedupilat.com\/wp-content\/uploads\/2023\/02\/329005961_1259339111661628_8985114609403647121_n-300x300.jpg 300w, https:\/\/ladunedupilat.com\/wp-content\/uploads\/2023\/02\/329005961_1259339111661628_8985114609403647121_n-150x150.jpg 150w, https:\/\/ladunedupilat.com\/wp-content\/uploads\/2023\/02\/329005961_1259339111661628_8985114609403647121_n-768x768.jpg 768w, https:\/\/ladunedupilat.com\/wp-content\/uploads\/2023\/02\/329005961_1259339111661628_8985114609403647121_n-12x12.jpg 12w, https:\/\/ladunedupilat.com\/wp-content\/uploads\/2023\/02\/329005961_1259339111661628_8985114609403647121_n.jpg 1080w\" sizes=\"auto, (max-width: 520px) 100vw, 520px\" \/><figcaption class=\"wp-element-caption\">Vista del futuro punto de informaci\u00f3n en el poblado de caba\u00f1as rehabilitado<\/figcaption><\/figure>\n<\/div>\n\n\n<p><\/p>\n\n\n\n<p>L\u00f3gicamente, el incendio en el bosque de La Teste-de-Buch hab\u00eda detenido temporalmente nuestro trabajo de recalificaci\u00f3n del \u00e1rea de recepci\u00f3n, <strong>se reanudaron en el oto\u00f1o<\/strong> <strong>ultimo<\/strong>. Como recordatorio, estas obras no consisten en una gran metamorfosis o una extensi\u00f3n de los espacios desarrollados. De hecho, el sitio es <a href=\"https:\/\/ladunedupilat.com\/es\/yo-descubro\/en-breve\/\" target=\"_blank\" rel=\"noreferrer noopener\"><strong>clase<\/strong><\/a><strong> <\/strong>y el objetivo es asegurar su conservaci\u00f3n mejorando las condiciones de visita de todos los visitantes, durante todo el a\u00f1o. <\/p>\n\n\n\n<h4 class=\"wp-block-heading\">OBRAS DEL PUEBLO DE CABANES<\/h4>\n\n\n\n<p>A principios de a\u00f1o, las empresas encargadas de las obras estructurales van dejando paso paulatinamente a las de la <strong>segunda obra<\/strong>.<\/p>\n\n\n\n<p>La <strong>se han completado los trabajos de demolici\u00f3n y movimiento de tierras y el revestimiento de las terrazas de madera est\u00e1 a punto de finalizar.<\/strong> Gracias a importantes trabajos de mejora, en particular mediante el uso de la instalaci\u00f3n de pilotes hincados y &quot;berlinoises&quot;, el pueblo de caba\u00f1as se ha hecho accesible para personas con movilidad reducida, a partir de la temporada alta 2023. .<\/p>\n\n\n\n<p>los <strong>choza dedicada a dar la bienvenida a los visitantes<\/strong> est\u00e1 sin agua, sin aire as\u00ed como el local dedicado a los equipos del Sindicato. Las empresas trabajan actualmente en las caba\u00f1as que albergar\u00e1n los futuros locales comerciales a partir de la pr\u00f3xima temporada estival.<\/p>\n\n\n\n<p>los <strong>caseta dedicada a la mediaci\u00f3n ambiental<\/strong> ubicado en el extremo occidental del pueblo, ha sido objeto, desde diciembre de 2022, de una reconstrucci\u00f3n totalmente id\u00e9ntica.<\/p>\n\n\n\n<p>Los pozos de plantaci\u00f3n se hicieron para recibir los \u00e1rboles y arbustos seleccionados. La siembra est\u00e1 en progreso.<\/p>\n\n\n\n<h4 class=\"wp-block-heading\">OBRAS DEL \u00c1REA DE RECEPCI\u00d3N<\/h4>\n\n\n\n<p>Los visitantes han estado tomando prestado desde enero de 2022, <strong>la ciclov\u00eda creada desde la entrada al predio hasta el poblado de caba\u00f1as.<\/strong> La v\u00eda principal de acceso al \u00e1rea de recepci\u00f3n tambi\u00e9n ha sido recalibrada para permitir el uso de veh\u00edculos de gran tama\u00f1o. Esta v\u00eda ahora incluye <strong>plazas de aparcamiento espec\u00edficas (personas con movilidad reducida, veh\u00edculos el\u00e9ctricos y bicicletas).<\/strong><\/p>\n\n\n\n<p><strong>En cuanto a la recepci\u00f3n de autobuses, las 8 plazas de aparcamiento exclusivas as\u00ed como las plataformas de tarima de madera adaptadas para personas con movilidad reducida est\u00e1n finalizadas y operativas desde el pasado mes de octubre.<\/strong> Los visitantes que acceden en transporte p\u00fablico o en bicicleta utilizan el \u201c&nbsp;<strong>gran paseo<\/strong>&nbsp;lo que les permite dirigirse hacia el pie de Dune alej\u00e1ndose de otros flujos de tr\u00e1fico y as\u00ed comenzar su inmersi\u00f3n en el Gran Sitio. Luminarias aptas para personas con movilidad reducida pero tambi\u00e9n para la protecci\u00f3n de la vida silvestre salpican todos los caminos.<\/p>\n\n\n\n<p><strong>De aqu\u00ed a la temporada alta de verano se ampliar\u00e1 el gran paseo mar\u00edtimo, que en su segunda parte ser\u00e1 \u00edntegramente peatonal.<\/strong><\/p>\n\n\n\n<p class=\"has-text-align-left\"><em>\u00bfQuieres saber m\u00e1s sobre el trabajo en el \u00e1rea de recepci\u00f3n? Encuentre toda la informaci\u00f3n sobre este proyecto, los desarrollos ya realizados y los que est\u00e1n por venir en nuestra secci\u00f3n <a href=\"https:\/\/ladunedupilat.com\/es\/yo-descubro\/projets-damenagement\/\" target=\"_blank\" rel=\"noreferrer noopener\"><strong>La zona de recepci\u00f3n tiene un nuevo aspecto.<\/strong><\/a><\/em> !<\/p>\n\n\n\n<h4 class=\"wp-block-heading\">RECEPCI\u00d3N DE VISITANTES<\/h4>\n\n\n\n<p>Durante este periodo de obras, el acceso a la Duna permanece abierto a los visitantes, no obstante, conviene tener en cuenta algunos cambios a la hora de preparar la visita:<\/p>\n\n\n\n<ul class=\"wp-block-list\">\n<li><strong>el punto de informacion <\/strong>r<strong>abrir\u00e1 sus puertas el lunes 6 de febrero (cerrado los fines de semana).<\/strong><\/li>\n\n\n\n<li><strong>No hay m\u00e1s puntos de venta de comida para llevar durante las obras.<\/strong><\/li>\n\n\n\n<li><strong>Los ba\u00f1os son siempre accesibles.<\/strong><\/li>\n<\/ul>\n\n\n\n<p>Para guiarlo en su descubrimiento del sitio, busque el<a href=\"https:\/\/ladunedupilat.com\/es\/duna-2\/actualidad\/\"> <\/a><a href=\"https:\/\/ladunedupilat.com\/es\/duna-2\/actualidad\/\" target=\"_blank\" rel=\"noreferrer noopener\"><strong>noticias<\/strong><\/a>, a ellos <a href=\"https:\/\/ladunedupilat.com\/es\/preparacion\/consejos-de-visita\/\" target=\"_blank\" rel=\"noreferrer noopener\"><strong>Consejo practico<\/strong><\/a>, los <a href=\"https:\/\/ladunedupilat.com\/es\/preparacion\/regulacion\/\" target=\"_blank\" rel=\"noreferrer noopener\"><strong>regulaciones<\/strong><\/a> en nuestro sitio web. Para cualquier solicitud, tambi\u00e9n puede ponerse en contacto con nosotros en la direcci\u00f3n de correo electr\u00f3nico dedicada: information@ladunedupilat.com. <\/p>\n\n\n\n<p>Adem\u00e1s, nuestro equipo en el terreno permanece a su disposici\u00f3n si es necesario. <\/p>\n\n\n\n<h4 class=\"wp-block-heading\"><strong>Restricciones de acceso<\/strong><\/h4>\n\n\n\n<p>Abierta la carretera departamental RD218 que une Arcachon con Biscarrosse-Plage <strong>sujeto a las restricciones descritas en&nbsp;<a href=\"https:\/\/www.gironde.gouv.fr\/Actualites\/Communiques-de-presse\/Communiques-de-presse-2022\/Decembre-2022\/Reouverture-RD-218\" target=\"_blank\" rel=\"noreferrer noopener nofollow\">el decreto de la prefectura<\/a>.<\/strong><\/p>\n\n\n\n<p>Por motivos de seguridad, el macizo forestal adosado a la duna del Pilat est\u00e1 <strong>acceso prohibido<\/strong> por decreto municipal.<\/p>\n\n\n\n<div class=\"wp-block-buttons is-layout-flex wp-block-buttons-is-layout-flex\">\n<div class=\"wp-block-button\"><a class=\"wp-block-button__link wp-element-button\" href=\"https:\/\/ladunedupilat.com\/wp-content\/uploads\/2022\/10\/99_AR-ARR2022_634.pdf\">Descarga el decreto<\/a><\/div>\n<\/div>\n\n\n\n<div class=\"wp-block-buttons is-layout-flex wp-block-buttons-is-layout-flex\">\n<div class=\"wp-block-button\"><a class=\"wp-block-button__link wp-element-button\" href=\"https:\/\/ladunedupilat.com\/wp-content\/uploads\/2022\/10\/99_AR-annexeARR2022_634.pdf\">Descargar su anexo<\/a><\/div>\n<\/div>","protected":false},"excerpt":{"rendered":"<p>Trabajo en curso, desarrollos futuros, recepci\u00f3n de visitantes y regulaciones: Encuentre aqu\u00ed las \u00faltimas noticias sobre el Grand\u2026<\/p>","protected":false},"author":8,"featured_media":21683,"comment_status":"open","ping_status":"open","sticky":false,"template":"","format":"standard","meta":{"_acf_changed":false,"_uag_custom_page_level_css":"","footnotes":""},"categories":[1,23],"tags":[],"class_list":["post-9227","post","type-post","status-publish","format-standard","has-post-thumbnail","hentry","category-actualites","category-chantier","tw-post-has-image-16-9","tw-meta-no-icon"],"acf":[],"uagb_featured_image_src":{"full":["https:\/\/ladunedupilat.com\/wp-content\/uploads\/2023\/02\/329005961_1259339111661628_8985114609403647121_n.jpg",1080,1080,false],"thumbnail":["https:\/\/ladunedupilat.com\/wp-content\/uploads\/2023\/02\/329005961_1259339111661628_8985114609403647121_n-150x150.jpg",150,150,true],"medium":["https:\/\/ladunedupilat.com\/wp-content\/uploads\/2023\/02\/329005961_1259339111661628_8985114609403647121_n-300x300.jpg",300,300,true],"medium_large":["https:\/\/ladunedupilat.com\/wp-content\/uploads\/2023\/02\/329005961_1259339111661628_8985114609403647121_n-768x768.jpg",580,580,true],"large":["https:\/\/ladunedupilat.com\/wp-content\/uploads\/2023\/02\/329005961_1259339111661628_8985114609403647121_n-1024x1024.jpg",580,580,true],"1536x1536":["https:\/\/ladunedupilat.com\/wp-content\/uploads\/2023\/02\/329005961_1259339111661628_8985114609403647121_n.jpg",1080,1080,false],"2048x2048":["https:\/\/ladunedupilat.com\/wp-content\/uploads\/2023\/02\/329005961_1259339111661628_8985114609403647121_n.jpg",1080,1080,false],"trp-custom-language-flag":["https:\/\/ladunedupilat.com\/wp-content\/uploads\/2023\/02\/329005961_1259339111661628_8985114609403647121_n-12x12.jpg",12,12,true],"post-thumbnail":["https:\/\/ladunedupilat.com\/wp-content\/uploads\/2023\/02\/329005961_1259339111661628_8985114609403647121_n.jpg",1080,1080,false],"twentytwenty-fullscreen":["https:\/\/ladunedupilat.com\/wp-content\/uploads\/2023\/02\/329005961_1259339111661628_8985114609403647121_n.jpg",1080,1080,false]},"uagb_author_info":{"display_name":"communication@ladunedupilat.com","author_link":"https:\/\/ladunedupilat.com\/es\/author\/communicationladunedupilat-com\/"},"uagb_comment_info":0,"uagb_excerpt":"Travaux en cours, am\u00e9nagements \u00e0 venir, accueil des visiteurs et r\u00e8glementation : Retrouvez ici les derni\u00e8res actualit\u00e9s concernant le Grand&hellip;","_links":{"self":[{"href":"https:\/\/ladunedupilat.com\/es\/wp-json\/wp\/v2\/posts\/9227","targetHints":{"allow":["GET"]}}],"collection":[{"href":"https:\/\/ladunedupilat.com\/es\/wp-json\/wp\/v2\/posts"}],"about":[{"href":"https:\/\/ladunedupilat.com\/es\/wp-json\/wp\/v2\/types\/post"}],"author":[{"embeddable":true,"href":"https:\/\/ladunedupilat.com\/es\/wp-json\/wp\/v2\/users\/8"}],"replies":[{"embeddable":true,"href":"https:\/\/ladunedupilat.com\/es\/wp-json\/wp\/v2\/comments?post=9227"}],"version-history":[{"count":1,"href":"https:\/\/ladunedupilat.com\/es\/wp-json\/wp\/v2\/posts\/9227\/revisions"}],"predecessor-version":[{"id":27232,"href":"https:\/\/ladunedupilat.com\/es\/wp-json\/wp\/v2\/posts\/9227\/revisions\/27232"}],"wp:featuredmedia":[{"embeddable":true,"href":"https:\/\/ladunedupilat.com\/es\/wp-json\/wp\/v2\/media\/21683"}],"wp:attachment":[{"href":"https:\/\/ladunedupilat.com\/es\/wp-json\/wp\/v2\/media?parent=9227"}],"wp:term":[{"taxonomy":"category","embeddable":true,"href":"https:\/\/ladunedupilat.com\/es\/wp-json\/wp\/v2\/categories?post=9227"},{"taxonomy":"post_tag","embeddable":true,"href":"https:\/\/ladunedupilat.com\/es\/wp-json\/wp\/v2\/tags?post=9227"}],"curies":[{"name":"gracias","href":"https:\/\/api.w.org\/{rel}","templated":true}]}}